{"id":91846,"date":"2019-10-02T12:06:48","date_gmt":"2019-10-02T12:06:48","guid":{"rendered":"http:\/\/plazajuarez.mx\/index\/index.php\/2019\/10\/02\/habra-reunion-con-gobernacion-por-junta-de-gobierno\/"},"modified":"2019-10-02T12:06:48","modified_gmt":"2019-10-02T12:06:48","slug":"habra-reunion-con-gobernacion-por-junta-de-gobierno","status":"publish","type":"post","link":"https:\/\/plazajuarez.mx\/historico\/habra-reunion-con-gobernacion-por-junta-de-gobierno\/","title":{"rendered":"Habr\u00e1 reuni\u00f3n con Gobernaci\u00f3n por Junta de Gobierno"},"content":{"rendered":"<p>Afirma Tatiana \u00c1ngeles <br \/>\u00a0\u00a0 \u00a0\u2022\u00a0\u00a0 \u00a0Declara que la negativa de firmar el acuerdo con Morena se debe a que \u201cel mensaje de AMLO es claro sobre lo que debemos hacer para la gobernabilidad\u201d\u2028<\/p>\n<p>  <!--more-->  <\/p>\n<p>La diputada por el Movimiento Regeneraci\u00f3n Nacional (Morena), Tatiana \u00c1ngeles Moreno, afirm\u00f3 que se tendr\u00e1 un acercamiento con la Secretar\u00eda de Gobernaci\u00f3n federal (Segob) para tratar el tema de la reforma a la Ley Org\u00e1nica del Congreso local, y con ello llegar a un nuevo acuerdo para garantizar la gobernanza dentro del estado. <br \/>\u00a0\u00a0 \u00a0Refiri\u00f3 que, en la pasada reuni\u00f3n privada con diputados y consejeros de Morena, se abstuvo de firmar el acuerdo para llevar adelante los trabajos legislativos, y explic\u00f3 que su postura obedece al mensaje por parte del presidente Andr\u00e9s Manuel L\u00f3pez Obrador \u201cen torno a lo que debemos hacer para garantizar la gobernabilidad en la entidad para un proyecto de la Cuarta Transformaci\u00f3n para que las cosas puedan caminar bien\u201d. <br \/>\u00a0\u00a0 \u00a0Declar\u00f3 que el prop\u00f3sito de esta reuni\u00f3n con la titular de la Segob, Olga S\u00e1nchez Cordero, es para orientarse sobre qu\u00e9 tipo de rumbo y de conocer la opini\u00f3n del gobierno federal en torno a este tema, adem\u00e1s de obtener una mejor visi\u00f3n sobre el tipo de reformas que requiere el estado, \u201cla sociedad pide a gritos reformas que no hemos hecho\u201d, afirm\u00f3.<br \/>\u00a0\u00a0 \u00a0A\u00f1adi\u00f3 que dentro de la reforma a la ley org\u00e1nica, el \u00fanico punto del que difiere es en el tema de la rotaci\u00f3n de la Junta de Gobierno, y que la propuesta que se tiene es la de horizontalizar y democratizar el poder, de modo que una sola persona no quede como el \u201cdue\u00f1o absoluto del Congreso\u201d. <br \/>\u00a0\u00a0 \u00a0Reafirm\u00f3 que se espera a lo que se analice en la Segob para tomar una decisi\u00f3n dentro del Congreso, aunque asever\u00f3 que se apelar\u00e1 a la palabra de los diputados para poder llegar a alg\u00fan consenso. <br \/>\u00a0\u00a0 \u00a0Por otro lado, declar\u00f3 que hizo una petici\u00f3n a los morenistas a que se respete, no solo el acuerdo entre la oposici\u00f3n y Morena, sino tambi\u00e9n a las leyes \u201cen el sentido de no beneficiar ahora a Morena, y tratar de hacer lo mismo que con nosotros cuando \u00e9ramos oposici\u00f3n, de ser autoritario, o de tener todo para nosotros\u201d. <br \/>\u00a0\u00a0 \u00a0Adem\u00e1s, critic\u00f3 el hecho que dentro de la bancada se ha creado lo que consider\u00f3 \u201cuna falsa disyuntiva entre el estar de acuerdo con Morena o con el gobernador (Omar Fayad), y como legisladores estamos con todos los ciudadanos, no solo los que votaron por nosotros; ni con \u00e9l ni en contra de \u00e9l, estamos trabajando en aras de que Hidalgo prospere\u201d, concluy\u00f3. <\/p>\n","protected":false},"excerpt":{"rendered":"<p>Afirma Tatiana \u00c1ngeles \u00a0\u00a0 \u00a0\u2022\u00a0\u00a0 \u00a0Declara que la negativa de firmar el acuerdo con Morena se debe a que \u201cel mensaje de AMLO es claro sobre lo que debemos hacer para la gobernabilidad\u201d\u2028<\/p>\n","protected":false},"author":93,"featured_media":0,"comment_status":"open","ping_status":"open","sticky":false,"template":"","format":"standard","meta":{"footnotes":""},"categories":[59],"tags":[],"class_list":["post-91846","post","type-post","status-publish","format-standard","hentry","category-general"],"_links":{"self":[{"href":"https:\/\/plazajuarez.mx\/historico\/wp-json\/wp\/v2\/posts\/91846","targetHints":{"allow":["GET"]}}],"collection":[{"href":"https:\/\/plazajuarez.mx\/historico\/wp-json\/wp\/v2\/posts"}],"about":[{"href":"https:\/\/plazajuarez.mx\/historico\/wp-json\/wp\/v2\/types\/post"}],"author":[{"embeddable":true,"href":"https:\/\/plazajuarez.mx\/historico\/wp-json\/wp\/v2\/users\/93"}],"replies":[{"embeddable":true,"href":"https:\/\/plazajuarez.mx\/historico\/wp-json\/wp\/v2\/comments?post=91846"}],"version-history":[{"count":0,"href":"https:\/\/plazajuarez.mx\/historico\/wp-json\/wp\/v2\/posts\/91846\/revisions"}],"wp:attachment":[{"href":"https:\/\/plazajuarez.mx\/historico\/wp-json\/wp\/v2\/media?parent=91846"}],"wp:term":[{"taxonomy":"category","embeddable":true,"href":"https:\/\/plazajuarez.mx\/historico\/wp-json\/wp\/v2\/categories?post=91846"},{"taxonomy":"post_tag","embeddable":true,"href":"https:\/\/plazajuarez.mx\/historico\/wp-json\/wp\/v2\/tags?post=91846"}],"curies":[{"name":"wp","href":"https:\/\/api.w.org\/{rel}","templated":true}]}}