{"id":91844,"date":"2019-10-02T12:06:48","date_gmt":"2019-10-02T12:06:48","guid":{"rendered":"http:\/\/plazajuarez.mx\/index\/index.php\/2019\/10\/02\/causa-controversia-jorge-mayorga\/"},"modified":"2019-10-02T12:06:48","modified_gmt":"2019-10-02T12:06:48","slug":"causa-controversia-jorge-mayorga","status":"publish","type":"post","link":"https:\/\/plazajuarez.mx\/historico\/causa-controversia-jorge-mayorga\/","title":{"rendered":"Causa controversia Jorge Mayorga"},"content":{"rendered":"<p>Congreso Local <br \/>\u00a0\u00a0 \u00a0\u2022\u00a0\u00a0 \u00a0En la lectura de la propuesta para la protecci\u00f3n de animales, el diputado mostr\u00f3 una imagen comparando el aborto con la tauromaquia\u2028<\/p>\n<p>  <!--more-->  <\/p>\n<p>Durante la lectura de la iniciativa con el que se prev\u00e9 la reforma de la Ley de Protecci\u00f3n y Trato Digno para los Animales en el Estado de Hidalgo, el diputado del Movimiento Regeneraci\u00f3n Nacional (Morena) y miembro del Grupo Universidad, Jorge Mayorga Olvera, caus\u00f3 pol\u00e9mica por una comparaci\u00f3n del aborto con las corridas de toros. <br \/>\u00a0\u00a0 \u00a0En la sesi\u00f3n ordinaria del Congreso local del d\u00eda de ayer, fue en el uso de la palabra por parte de la diputada del Partido de la Revoluci\u00f3n Democr\u00e1tica (PRD), Areli Miranda Ayala, cuando Mayorga mostr\u00f3 desde su curul una imagen de un toro y un feto. <br \/>\u00a0\u00a0 \u00a0En dicha imagen, se aprecia en la primera parte de la imagen con la leyenda \u201c\u00bfMatarlo? Crueldad\u201d en referencia a las corridas de toros, mientras que del otro lado en fondo negro aparece \u201c\u00bfMatarlo? \u2018Derecho\u2019, las absurdas incongruencias del ser humano\u201d, esto por la iniciativa con el que se busca despenalizar el aborto, y cuya discusi\u00f3n a\u00fan se encuentra dentro de las comisiones legislativas. <br \/>\u00a0\u00a0 \u00a0Dicha imagen caus\u00f3 indignaci\u00f3n a algunos miembros del Congreso local, entre ellos a Areli Maya Monzalvo, quien estaba a su lado, y a la misma Areli Miranda, una de las impulsoras de la despenalizaci\u00f3n del aborto, y del que refiri\u00f3 que no solo ofende a su persona, sino tambi\u00e9n a la lucha de las mujeres por el derecho a decidir. <br \/>\u00a0\u00a0 \u00a0Cabe resaltar que la propuesta en conjunto con el PRD, PT, PAN y PES, prev\u00e9 la prohibici\u00f3n de las peleas entre animales de cualquier especie, el uso y tr\u00e1nsito de veh\u00edculos de tracci\u00f3n animal en espacios urbanos y para fines distintos al agropecuario, entre otras disposiciones. <\/p>\n","protected":false},"excerpt":{"rendered":"<p>Congreso Local \u00a0\u00a0 \u00a0\u2022\u00a0\u00a0 \u00a0En la lectura de la propuesta para la protecci\u00f3n de animales, el diputado mostr\u00f3 una imagen comparando el aborto con la tauromaquia\u2028<\/p>\n","protected":false},"author":93,"featured_media":0,"comment_status":"open","ping_status":"open","sticky":false,"template":"","format":"standard","meta":{"footnotes":""},"categories":[59],"tags":[],"class_list":["post-91844","post","type-post","status-publish","format-standard","hentry","category-general"],"_links":{"self":[{"href":"https:\/\/plazajuarez.mx\/historico\/wp-json\/wp\/v2\/posts\/91844","targetHints":{"allow":["GET"]}}],"collection":[{"href":"https:\/\/plazajuarez.mx\/historico\/wp-json\/wp\/v2\/posts"}],"about":[{"href":"https:\/\/plazajuarez.mx\/historico\/wp-json\/wp\/v2\/types\/post"}],"author":[{"embeddable":true,"href":"https:\/\/plazajuarez.mx\/historico\/wp-json\/wp\/v2\/users\/93"}],"replies":[{"embeddable":true,"href":"https:\/\/plazajuarez.mx\/historico\/wp-json\/wp\/v2\/comments?post=91844"}],"version-history":[{"count":0,"href":"https:\/\/plazajuarez.mx\/historico\/wp-json\/wp\/v2\/posts\/91844\/revisions"}],"wp:attachment":[{"href":"https:\/\/plazajuarez.mx\/historico\/wp-json\/wp\/v2\/media?parent=91844"}],"wp:term":[{"taxonomy":"category","embeddable":true,"href":"https:\/\/plazajuarez.mx\/historico\/wp-json\/wp\/v2\/categories?post=91844"},{"taxonomy":"post_tag","embeddable":true,"href":"https:\/\/plazajuarez.mx\/historico\/wp-json\/wp\/v2\/tags?post=91844"}],"curies":[{"name":"wp","href":"https:\/\/api.w.org\/{rel}","templated":true}]}}