{"id":91842,"date":"2019-10-02T12:06:44","date_gmt":"2019-10-02T12:06:44","guid":{"rendered":"http:\/\/plazajuarez.mx\/index\/index.php\/2019\/10\/02\/presume-baptista-unidad-en-morena\/"},"modified":"2019-10-02T12:06:44","modified_gmt":"2019-10-02T12:06:44","slug":"presume-baptista-unidad-en-morena","status":"publish","type":"post","link":"https:\/\/plazajuarez.mx\/historico\/presume-baptista-unidad-en-morena\/","title":{"rendered":"Presume Baptista unidad en Morena"},"content":{"rendered":"<p>EN EL CONGRESO<\/p>\n<p>*PAN asegura que \u201cno lo van a lograr\u201d; PRI refiere que existen problemas internos dentro de Morena. <\/p>\n<p>  <!--more-->  <\/p>\n<p>El diputado por el Movimiento Regeneraci\u00f3n Nacional (Morena), Ricardo Baptista Gonz\u00e1lez, afirm\u00f3 que, tras la reuni\u00f3n privada que sostuvieron con consejeros del partido, se tiene un respaldo por parte de los 17 diputados morenistas para aprobar la reforma a la Ley Org\u00e1nica del Poder Legislativo del Estado. <br \/>\u00a0\u00a0 \u00a0Ante los medios, afirm\u00f3 que en la reuni\u00f3n del pasado lunes se ratific\u00f3 que \u201cla mayor\u00eda de los diputados, buscamos continuar con los trabajos legislativos que nos permita modificar la ley org\u00e1nica\u201d. \u00a0\u00a0 \u00a0<br \/>Adem\u00e1s, presumi\u00f3 que se tuvo un apoyo un\u00e1nime por parte de los consejeros tras sostener lo que consider\u00f3 un di\u00e1logo fraterno, y a\u00f1adi\u00f3 que el tema del cambio de la coordinaci\u00f3n de la bancada morenista no se abord\u00f3 dentro de esta c\u00f3nclave, aunque adelant\u00f3 que si habr\u00e1 un relevo el pr\u00f3ximo 16 de octubre, por lo que declar\u00f3 que \u201ceso lo decidir\u00e1 el partido en su momento\u201d. <br \/>\u00a0\u00a0 \u00a0Expres\u00f3 que se espera que se re\u00fana la comisi\u00f3n de Legislaci\u00f3n y Puntos Constitucionales para tratar este asunto, adem\u00e1s que se buscar\u00e1 convencer a la oposici\u00f3n, en especial especific\u00f3 que se acercar\u00e1n a Cris\u00f3foro Rodr\u00edguez Villegas y a Marcelino Carbajal Oliver, para lograr esta mayor\u00eda que requieren para tal reforma. <br \/>Oposici\u00f3n considera que Morena no obtendr\u00e1 la mayor\u00eda<br \/>Al cuestionar sobre su posicionamiento, la diputada por el Partido Revolucionario Institucional (PRI), Mar\u00eda Luisa P\u00e9rez Perusqu\u00eda, se mantuvo al margen de los hechos, aunque refiri\u00f3 que existe un problema interno dentro de la bancada morenista, y asever\u00f3 que \u201cpara lograr reformas a la ley org\u00e1nica se ocupan 20 votos, y ellos son 17\u201d. <br \/>\u00a0\u00a0 \u00a0Por otro lado, el coordinador del grupo legislativo del Partido Acci\u00f3n Nacional (PAN), Asael Hern\u00e1ndez Cer\u00f3n, confi\u00f3 en que Morena no logre juntar el n\u00famero de votos necesarios, \u201csi en un a\u00f1o no lograron consolidar un proyecto que d\u00e9 confianza a los dem\u00e1s legisladores bajo acuerdos, no hay confianza para caminar con ellos\u201d, afirm\u00f3. <\/p>\n","protected":false},"excerpt":{"rendered":"<p>EN EL CONGRESO *PAN asegura que \u201cno lo van a lograr\u201d; PRI refiere que existen problemas internos dentro de Morena.<\/p>\n","protected":false},"author":93,"featured_media":0,"comment_status":"open","ping_status":"open","sticky":false,"template":"","format":"standard","meta":{"footnotes":""},"categories":[59],"tags":[],"class_list":["post-91842","post","type-post","status-publish","format-standard","hentry","category-general"],"_links":{"self":[{"href":"https:\/\/plazajuarez.mx\/historico\/wp-json\/wp\/v2\/posts\/91842","targetHints":{"allow":["GET"]}}],"collection":[{"href":"https:\/\/plazajuarez.mx\/historico\/wp-json\/wp\/v2\/posts"}],"about":[{"href":"https:\/\/plazajuarez.mx\/historico\/wp-json\/wp\/v2\/types\/post"}],"author":[{"embeddable":true,"href":"https:\/\/plazajuarez.mx\/historico\/wp-json\/wp\/v2\/users\/93"}],"replies":[{"embeddable":true,"href":"https:\/\/plazajuarez.mx\/historico\/wp-json\/wp\/v2\/comments?post=91842"}],"version-history":[{"count":0,"href":"https:\/\/plazajuarez.mx\/historico\/wp-json\/wp\/v2\/posts\/91842\/revisions"}],"wp:attachment":[{"href":"https:\/\/plazajuarez.mx\/historico\/wp-json\/wp\/v2\/media?parent=91842"}],"wp:term":[{"taxonomy":"category","embeddable":true,"href":"https:\/\/plazajuarez.mx\/historico\/wp-json\/wp\/v2\/categories?post=91842"},{"taxonomy":"post_tag","embeddable":true,"href":"https:\/\/plazajuarez.mx\/historico\/wp-json\/wp\/v2\/tags?post=91842"}],"curies":[{"name":"wp","href":"https:\/\/api.w.org\/{rel}","templated":true}]}}