{"id":91837,"date":"2019-10-02T01:54:25","date_gmt":"2019-10-02T01:54:25","guid":{"rendered":"http:\/\/plazajuarez.mx\/index\/index.php\/2019\/10\/02\/investigacion-sobre-cuentas-congeladas-de-la-uaeh-en-manos-de-la-fiscalia-general-de-la-republica-amlo\/"},"modified":"2019-10-02T01:54:25","modified_gmt":"2019-10-02T01:54:25","slug":"investigacion-sobre-cuentas-congeladas-de-la-uaeh-en-manos-de-la-fiscalia-general-de-la-republica-amlo","status":"publish","type":"post","link":"https:\/\/plazajuarez.mx\/historico\/investigacion-sobre-cuentas-congeladas-de-la-uaeh-en-manos-de-la-fiscalia-general-de-la-republica-amlo\/","title":{"rendered":"Investigaci\u00f3n sobre cuentas congeladas de la UAEH, en manos de la Fiscal\u00eda General de la Rep\u00fablica: AMLO"},"content":{"rendered":"<p>AMLO HABL\u00d3 SOBRE LA UAEH EN CONFERENCIA DE PRENSA <!--more--> <\/p>\n<p><p>  En conferencia de prensa la ma\u00f1ana de este lunes, el presidente de la rep\u00fablica, Andr\u00e9s Manuel L\u00f3pez Obrador, manifest\u00f3 que la investigaci\u00f3n sobre las cuentas congeladas de la Universidad Aut\u00f3noma del Estado de Hidalgo (UAEH) se encuentra en manos de la Fiscal\u00eda General de la Rep\u00fablica. <\/p>\n<p>  Al ser cuestionado por la prensa sobre el caso de la m\u00e1xima casa de estudios de Hidalgo sobre presuntos malos manejos financieros, Lopez Obrador reiter\u00f3 que \u201ces una denuncia, una investigaci\u00f3n que tienen la Fiscal\u00eda General y ser\u00e1 quien inform\u00e9 c\u00f3mo se desenvuelven estas indagatorias\u201d. <\/p>\n<p>  Agreg\u00f3 que respetan la autonom\u00eda de la Fiscal\u00eda, sin embargo el caso ya es investigado luego de que la Unidad de Inteligencia Financiera congelara las cuentas de la Universidad, debido al hallazgo de transferencias sospechosas de 151 millones de d\u00f3lares a un banco suizo. <\/p>\n<p>  <center><iframe loading=\"lazy\" src=\"https:\/\/www.facebook.com\/plugins\/video.php?href=https%3A%2F%2Fwww.facebook.com%2Fdiarioplazajuarez%2Fvideos%2F474539430059487%2F&#038;show_text=0&#038;width=560\" width=\"560\" height=\"315\" style=\"border:none;overflow:hidden\" scrolling=\"no\" frameborder=\"0\" allowTransparency=\"true\" allowFullScreen=\"true\"><\/iframe><\/center><\/p>\n","protected":false},"excerpt":{"rendered":"<p>AMLO HABL\u00d3 SOBRE LA UAEH EN CONFERENCIA DE PRENSA<\/p>\n","protected":false},"author":6,"featured_media":0,"comment_status":"open","ping_status":"open","sticky":false,"template":"","format":"standard","meta":{"footnotes":""},"categories":[59],"tags":[],"class_list":["post-91837","post","type-post","status-publish","format-standard","hentry","category-general"],"_links":{"self":[{"href":"https:\/\/plazajuarez.mx\/historico\/wp-json\/wp\/v2\/posts\/91837","targetHints":{"allow":["GET"]}}],"collection":[{"href":"https:\/\/plazajuarez.mx\/historico\/wp-json\/wp\/v2\/posts"}],"about":[{"href":"https:\/\/plazajuarez.mx\/historico\/wp-json\/wp\/v2\/types\/post"}],"author":[{"embeddable":true,"href":"https:\/\/plazajuarez.mx\/historico\/wp-json\/wp\/v2\/users\/6"}],"replies":[{"embeddable":true,"href":"https:\/\/plazajuarez.mx\/historico\/wp-json\/wp\/v2\/comments?post=91837"}],"version-history":[{"count":0,"href":"https:\/\/plazajuarez.mx\/historico\/wp-json\/wp\/v2\/posts\/91837\/revisions"}],"wp:attachment":[{"href":"https:\/\/plazajuarez.mx\/historico\/wp-json\/wp\/v2\/media?parent=91837"}],"wp:term":[{"taxonomy":"category","embeddable":true,"href":"https:\/\/plazajuarez.mx\/historico\/wp-json\/wp\/v2\/categories?post=91837"},{"taxonomy":"post_tag","embeddable":true,"href":"https:\/\/plazajuarez.mx\/historico\/wp-json\/wp\/v2\/tags?post=91837"}],"curies":[{"name":"wp","href":"https:\/\/api.w.org\/{rel}","templated":true}]}}