{"id":91834,"date":"2019-10-02T00:04:38","date_gmt":"2019-10-02T00:04:38","guid":{"rendered":"http:\/\/plazajuarez.mx\/index\/index.php\/2019\/10\/02\/marea-verde-exige-apresurar-trabajos-para-despenalizar-aborto\/"},"modified":"2019-10-02T00:04:38","modified_gmt":"2019-10-02T00:04:38","slug":"marea-verde-exige-apresurar-trabajos-para-despenalizar-aborto","status":"publish","type":"post","link":"https:\/\/plazajuarez.mx\/historico\/marea-verde-exige-apresurar-trabajos-para-despenalizar-aborto\/","title":{"rendered":"Marea Verde exige apresurar trabajos para despenalizar aborto"},"content":{"rendered":"<p><b>EN EL CONGRESO<\/b><\/p>\n<p><span style=\"font-weight: 400;\">No obstante, V\u00edctor Guerrero acusa indisposici\u00f3n por parte de la Comisi\u00f3n de Legislaci\u00f3n, presidida por Roxana Montealegre.<\/span><\/p>\n<p>  <!--more-->  <\/p>\n<p>\u00a0<\/p>\n<p><span style=\"font-weight: 400;\">Integrantes del movimiento Marea Verde acudieron hoy al Congreso local al t\u00e9rmino de la sesi\u00f3n ordinaria, en donde exigieron a los diputados a apresurar los trabajos para lograr la despenalizaci\u00f3n del aborto, y que con ello Hidalgo se convierta el tercer estado de la rep\u00fablica, despu\u00e9s de Oaxaca y la Ciudad de M\u00e9xico, en aprobar esta disposici\u00f3n.\u00a0<\/span><\/p>\n<p><span style=\"font-weight: 400;\">Ante los cuestionamientos de las activistas, Montealegre Salvador en calidad presidenta de la comisi\u00f3n de Legislaci\u00f3n y Puntos Constitucionales, neg\u00f3 que se pospusiera el debate de esta iniciativa, sino que el asunto de la despenalizaci\u00f3n no le corresponde a su competencia, sino a las comisiones de Salud y Seguridad Ciudadana y Justicia.\u00a0<\/span><\/p>\n<p><span style=\"font-weight: 400;\">Por otro lado, asever\u00f3 que, de acuerdo con el proceso legislativo, se tienen que acumular las iniciativas para formar una reforma completa, y estas se tienen que dictaminar en comisiones conjuntas para subirlas a consideraci\u00f3n del pleno.\u00a0<\/span><\/p>\n<p><span style=\"font-weight: 400;\">No obstante, Susana \u00c1ngeles asever\u00f3 que, tanto las comisiones de Justicia y Salud se encuentran en la disposici\u00f3n de trabajar con la de Legislaci\u00f3n, por lo que se sum\u00f3 a la petici\u00f3n de Marea Verde de que se apresuren los trabajos, \u201cla petici\u00f3n es que trabaje con Legislaci\u00f3n dado que ya est\u00e1n las opiniones que deben estar, no se debe esperar\u201d, apunt\u00f3.\u00a0<\/span><\/p>\n<p>\u00a0<\/p>\n<p><b>Acusa V\u00edctor Guerrero indisposici\u00f3n de Roxana Montealegre<\/b><\/p>\n<p><span style=\"font-weight: 400;\">Por otro lado, el presidente de la comisi\u00f3n de Seguridad P\u00fablica y Justicia, V\u00edctor Osmind Guerrero, afirm\u00f3 que ya se cuentan con las opiniones para poder dictaminar la despenalizaci\u00f3n del aborto, sin embargo, afirm\u00f3 que para ello se tiene que trabajar en conjunto con la comisi\u00f3n de Legislaci\u00f3n.\u00a0<\/span><\/p>\n<p><span style=\"font-weight: 400;\">Derivado de ello, afirm\u00f3 que se tiene una orden de prelaci\u00f3n, es decir, que existen otras iniciativas en conjunto antes que la despenalizaci\u00f3n, por lo que exhort\u00f3 a que existan voluntades, \u201clos derechos de las mujeres no se someten en consenso ni a votaci\u00f3n, hay que ser claros, esto es urgente para Hidalgo\u201d.\u00a0<\/span><\/p>\n<p><span style=\"font-weight: 400;\">Aunque desconoci\u00f3 si la orden de prelaci\u00f3n representa una maniobra por parte de Roxana Montealegre, refiri\u00f3 que este tema se puede dialogar dentro de las comisiones conjuntas para acelerar los trabajos, \u201cya tenemos el antecedente de Oaxaca, no s\u00e9 qu\u00e9 miedo le tenemos\u201d, concluy\u00f3. <\/span><\/p>\n","protected":false},"excerpt":{"rendered":"<p>EN EL CONGRESO No obstante, V\u00edctor Guerrero acusa indisposici\u00f3n por parte de la Comisi\u00f3n de Legislaci\u00f3n, presidida por Roxana Montealegre.<\/p>\n","protected":false},"author":1,"featured_media":0,"comment_status":"open","ping_status":"open","sticky":false,"template":"","format":"standard","meta":{"footnotes":""},"categories":[59],"tags":[],"class_list":["post-91834","post","type-post","status-publish","format-standard","hentry","category-general"],"_links":{"self":[{"href":"https:\/\/plazajuarez.mx\/historico\/wp-json\/wp\/v2\/posts\/91834","targetHints":{"allow":["GET"]}}],"collection":[{"href":"https:\/\/plazajuarez.mx\/historico\/wp-json\/wp\/v2\/posts"}],"about":[{"href":"https:\/\/plazajuarez.mx\/historico\/wp-json\/wp\/v2\/types\/post"}],"author":[{"embeddable":true,"href":"https:\/\/plazajuarez.mx\/historico\/wp-json\/wp\/v2\/users\/1"}],"replies":[{"embeddable":true,"href":"https:\/\/plazajuarez.mx\/historico\/wp-json\/wp\/v2\/comments?post=91834"}],"version-history":[{"count":0,"href":"https:\/\/plazajuarez.mx\/historico\/wp-json\/wp\/v2\/posts\/91834\/revisions"}],"wp:attachment":[{"href":"https:\/\/plazajuarez.mx\/historico\/wp-json\/wp\/v2\/media?parent=91834"}],"wp:term":[{"taxonomy":"category","embeddable":true,"href":"https:\/\/plazajuarez.mx\/historico\/wp-json\/wp\/v2\/categories?post=91834"},{"taxonomy":"post_tag","embeddable":true,"href":"https:\/\/plazajuarez.mx\/historico\/wp-json\/wp\/v2\/tags?post=91834"}],"curies":[{"name":"wp","href":"https:\/\/api.w.org\/{rel}","templated":true}]}}