{"id":91588,"date":"2019-09-27T14:00:54","date_gmt":"2019-09-27T14:00:54","guid":{"rendered":"http:\/\/plazajuarez.mx\/index\/index.php\/2019\/09\/27\/futbol-nacional-1505\/"},"modified":"2019-09-27T14:00:54","modified_gmt":"2019-09-27T14:00:54","slug":"futbol-nacional-1505","status":"publish","type":"post","link":"https:\/\/plazajuarez.mx\/historico\/futbol-nacional-1505\/","title":{"rendered":"Futbol Nacional"},"content":{"rendered":"<p>#LIGA MX <br \/>Luis Fernando Tena es el nuevo t\u00e9cnico de Chivas <br \/>\u00a0\u00a0 \u00a0\u2022\u00a0\u00a0 \u00a0La primera gran prueba del &#8220;Flaco&#8221; ser\u00e1 enfrentar al Am\u00e9rica en el Cl\u00e1sico Nacional\u2028<\/p>\n<p>  <!--more-->  <\/p>\n<p>(AGENCIA EL UNIVERSAL) Las Chivas Rayadas del Guadalajara no se tardaron en encontrar a su nuevo director t\u00e9cnico. Se trata de Luis Fernando Tena quien tomar\u00e1 el cargo que dej\u00f3 disponible Tom\u00e1s Boy. La primera gran prueba del &#8220;Flaco&#8221; ser\u00e1 enfrentar al Am\u00e9rica en el Cl\u00e1sico Nacional en la Jornada 12 del Apertura 2019.\u2028Su experiencia como entrenador lo avala y eso lo hace llegar a uno de los equipos de mayor tradici\u00f3n en el futbol mexicano y la directiva conf\u00eda en \u00e9l para poder salir de la crisis en la que se encuentran, con el objetivo de ingresar a la liguilla y seguir sumando puntos para salir de la tabla porcentual.\u2028Luis Fernando Tena es el director t\u00e9cnico que la ha dado el mayor logro al futbol mexicano, ya que fue quien dirigi\u00f3 a la Selecci\u00f3n Mexicana que gan\u00f3 la medalla de oro en los Juegos Ol\u00edmpicos de Londres 2012.<br \/>**<br \/>JUGADORES DE VERACRUZ NO SE HAN QUEJADO CON BONILLA POR ADEUDOS<\/p>\n<p>(AGENCIA EL UNIVERSAL) Cuando Enrique Bonilla estuvo en el vestuario de Veracruz, les dijo a los jugadores que se quejaran si es que hab\u00eda adeudos de parte de la directiva. No fue as\u00ed, pero las puertas de la Liga est\u00e1n abiertas. &#8220;Como sabr\u00e1s, como ya lo he dicho, como lo han sacado en sus respectivos medios. Estuve personalmente en el vestidor del Veracruz, en sus vestidores, con los jugadores, con el cuerpo t\u00e9cnico, estuvo el presidente de la AMF Pro (\u00c1lvaro Ortiz), les pedimos que no dejaran que la situaci\u00f3n cual fuera, creciera, que mi tel\u00e9fono est\u00e1 abierto para ellos y para cualquier jugador, estamos pendientes y esperando que expresen su sentir&#8221;.\u2028No se puede actuar si no hay queja. &#8220;De oficio no podemos actuar, no sabemos si han cobrado o no han cobrado, no me dicen. Fui al vestidor, les ped\u00ed que acudan a nosotros. M\u00e1s all\u00e1 son puras especulaciones, no puedo obtener m\u00e1s lo que ellos me digan&#8221;.\u2028&#8221;La administraci\u00f3n se compromet\u00eda ayudar hasta el l\u00edmite de lo establecido en el reglamento y ellos se compromet\u00edan a abrir el canal de comunicaci\u00f3n con la presidencia, ese es el acuerdo al que llegamos y estamos en ese paso&#8221;.<br \/>**<\/p>\n<p>#GUADALAJARA <br \/>Tom\u00e1s Boy deja de ser el t\u00e9cnico de Chivas <br \/>\u00a0\u00a0 \u00a0\u2022\u00a0\u00a0 \u00a0En el comunicado que emiti\u00f3 el Guadalajara se le agradece la entrega, pasi\u00f3n y honestidad que Tom\u00e1s Boy tuvo con el club\u2028<\/p>\n<p>(AGENCIA EL UNIVERSAL) La historia de Tom\u00e1s Boy con las Chivas lleg\u00f3 a su final. Luego de la derrota que sufri\u00f3 en la Jornada 11 del Apertura 2019 que sufri\u00f3 ante Pachuca, la instituci\u00f3n decidi\u00f3 terminar la relaci\u00f3n laboral con &#8220;El Jefe&#8221; Boy de cara al Cl\u00e1sico Nacional en donde visitar\u00e1n la cancha del Estadio Azteca para enfrentar al Am\u00e9rica.\u2028En el comunicado que emiti\u00f3 el Guadalajara se le agradece la entrega, pasi\u00f3n y honestidad que Tom\u00e1s Boy tuvo con club, sin embargo sus resultados no fueron los esperados.\u2028El proyecto era insostenible, as\u00ed lo dec\u00eda el accionar del equipo y sus n\u00fameros, que no son de ninguna manera, los que la dirigencia proyect\u00f3 tener a estas alturas del torneo y tambi\u00e9n pes\u00f3 el que Correcaminos, en la Copa le hubiera ganado, porque el compromiso era terminar la primera fase, invicto.\u2028Boy tuvo n\u00fameros negativos desde su arribo, con un futbol que no convenci\u00f3 a la afici\u00f3n, que sembraba m\u00e1s dudas que certezas. Y es que &#8220;El Jefe&#8221;, tomando en cuenta partidos oficiales de la Copa MX y Liga MX, solamente gan\u00f3 5 encuentros, empat\u00f3 dos y perdi\u00f3 nueve. Logr\u00f3 que su equipo anotara en 20 ocasiones y fue castigado en 25 ocasiones por los rivales.\u2028La dirigencia tambi\u00e9n hizo un balance de todos los encuentros, amistosos y oficiales de las competiciones que tuvieron en la pretemporada, en la cual el &#8220;Reba\u00f1o&#8221; logr\u00f3 ganar solamente siete encuentros y empat\u00f3 en cuatro ocasiones.\u2028En cuesti\u00f3n de derrotas, aqu\u00ed es donde el saldo es mayor y de ah\u00ed la determinaci\u00f3n, porque obtuvieron como conclusi\u00f3n que no iba a ning\u00fan lado el proyecto, es que cay\u00f3 en 13 ocasiones. El equipo fue muy castigado al recibir 37 anotaciones y solamente logr\u00f3 marcar en 25 veces.<\/p>\n","protected":false},"excerpt":{"rendered":"<p>#LIGA MX Luis Fernando Tena es el nuevo t\u00e9cnico de Chivas \u00a0\u00a0 \u00a0\u2022\u00a0\u00a0 \u00a0La primera gran prueba del &#8220;Flaco&#8221; ser\u00e1 enfrentar al Am\u00e9rica en el Cl\u00e1sico Nacional\u2028<\/p>\n","protected":false},"author":93,"featured_media":0,"comment_status":"open","ping_status":"open","sticky":false,"template":"","format":"standard","meta":{"footnotes":""},"categories":[39],"tags":[],"class_list":["post-91588","post","type-post","status-publish","format-standard","hentry","category-deportiva"],"_links":{"self":[{"href":"https:\/\/plazajuarez.mx\/historico\/wp-json\/wp\/v2\/posts\/91588","targetHints":{"allow":["GET"]}}],"collection":[{"href":"https:\/\/plazajuarez.mx\/historico\/wp-json\/wp\/v2\/posts"}],"about":[{"href":"https:\/\/plazajuarez.mx\/historico\/wp-json\/wp\/v2\/types\/post"}],"author":[{"embeddable":true,"href":"https:\/\/plazajuarez.mx\/historico\/wp-json\/wp\/v2\/users\/93"}],"replies":[{"embeddable":true,"href":"https:\/\/plazajuarez.mx\/historico\/wp-json\/wp\/v2\/comments?post=91588"}],"version-history":[{"count":0,"href":"https:\/\/plazajuarez.mx\/historico\/wp-json\/wp\/v2\/posts\/91588\/revisions"}],"wp:attachment":[{"href":"https:\/\/plazajuarez.mx\/historico\/wp-json\/wp\/v2\/media?parent=91588"}],"wp:term":[{"taxonomy":"category","embeddable":true,"href":"https:\/\/plazajuarez.mx\/historico\/wp-json\/wp\/v2\/categories?post=91588"},{"taxonomy":"post_tag","embeddable":true,"href":"https:\/\/plazajuarez.mx\/historico\/wp-json\/wp\/v2\/tags?post=91588"}],"curies":[{"name":"wp","href":"https:\/\/api.w.org\/{rel}","templated":true}]}}