{"id":91586,"date":"2019-09-27T14:00:52","date_gmt":"2019-09-27T14:00:52","guid":{"rendered":"http:\/\/plazajuarez.mx\/index\/index.php\/2019\/09\/27\/futbol-nacional-1504\/"},"modified":"2019-09-27T14:00:52","modified_gmt":"2019-09-27T14:00:52","slug":"futbol-nacional-1504","status":"publish","type":"post","link":"https:\/\/plazajuarez.mx\/historico\/futbol-nacional-1504\/","title":{"rendered":"Futbol Nacional"},"content":{"rendered":"<p>ESTADIO EN TLALNEPANTLA DEPENDE DE LA COOPERATIVA CRUZ AZUL <br \/>\u00a0\u00a0 \u00a0\u2022\u00a0\u00a0 \u00a0El presidente municipal\u00a0 dijo que \u00c1lvarez comparti\u00f3 algunos planos de lo que pudiera ser el estadio\u2028<\/p>\n<p>  <!--more-->  <\/p>\n<p>(AGENCIA EL UNIVERSAL) El gobierno de Tlalnepantla est\u00e1 a la espera de la decisi\u00f3n de la Cooperativa Cruz Azul para la construcci\u00f3n del nuevo estadio celeste. El alcalde Raciel P\u00e9rez Cruz afirm\u00f3 el acercamiento con Guillermo \u00c1lvarez, presidente de La M\u00e1quina, sobre el proyecto, pero todav\u00eda no se han cerrado los procesos para confirmar la construcci\u00f3n.\u2028&#8221;El se\u00f1or \u00c1lvarez vino a explorar la posibilidad de construir un estadio en nuestra ciudad. Nosotros, como gobierno municipal, ofrecimos las mejores facilidades, porque nos interesa traer algo de esa magnitud. Sin embargo, ser\u00e1 la Cooperativa la que determine la sede&#8221;, coment\u00f3 P\u00e9rez Cruz.\u2028&#8221;Es un predio ubicado entre Avenida Gustavo Baz y Perif\u00e9rico, en la colonia San Pedro Barrientos&#8221;, a\u00f1adi\u00f3. &#8220;No puedo dar por hecho de que el equipo construir\u00e1 aqu\u00ed su estadio&#8221;.\u2028El presidente municipal agreg\u00f3 que \u00c1lvarez comparti\u00f3 algunos planos de lo que pudiera ser el estadio, pero que no le corresponde hacer anuncio alguno, ya que, insisto, la decisi\u00f3n es de la Cooperativa.\u2028Se especula que la inversi\u00f3n del Cruz Azul ser\u00e1 de 300 millones de d\u00f3lares y que tardar\u00eda tres a\u00f1os en terminar el novedoso recinto. &#8220;El gobierno municipal est\u00e1 consciente de lo que implica esta inversi\u00f3n, la construcci\u00f3n de un estadio, por la derrama econ\u00f3mica, creaci\u00f3n de empleos y por eso estamos muy interesados&#8221;, explic\u00f3 el morenista.\u2028\u2028<\/p>\n<p>**<br \/>#FUTBOL NACIONAL <br \/>Las frases de Boy como t\u00e9cnico del Guadalajara<br \/>\u00a0\u00a0 \u00a0\u2022\u00a0\u00a0 \u00a0&#8220;Estoy acostumbrado a agarrar papas calientes\u201d, fue una de sus frases con el reba\u00f1o\u00a0\u2028<\/p>\n<p>(AGENCIA EL UNIVERSAL) El ciclo de Tom\u00e1s Boy como director t\u00e9cnico de Guadalajara termin\u00f3. As\u00ed que para recordarlo aqu\u00ed est\u00e1n algunas frases que emiti\u00f3 durante el tiempo que ocup\u00f3 el cargo de &#8220;Pastor del Reba\u00f1o&#8221;.\u2028&#8221;Chivas es algo maravilloso al que no se le puede decir que no lo que pude haber dicho como adversario, lo dije como adversario&#8221;.\u2028El d\u00eda de su presentaci\u00f3n como t\u00e9cnico del Guadalajara.\u2028&#8221;Estoy acostumbrado a agarrar papas calientes, equipos que est\u00e1n para el descenso. A eso venimos, al desaf\u00edo&#8221;.\u2028El d\u00eda de su presentaci\u00f3n como t\u00e9cnico del Guadalajara.\u2028&#8221;Parece una pesadilla en este momento para la directiva y los propios jugadores que no quieren cargar con esa mochila de dolor&#8221;.\u2028Despu\u00e9s de perder ante Puebla 1-3 en la Jornada 15 del Clausura 2019.\u2028&#8221;Se supone que iba a poder arreglar las cosas pronto y tengo que admitir que no lo he logrado, pero lo estoy intentando y lo seguir\u00e9 haciendo hasta que salga de aqu\u00ed&#8221;.\u2028Despu\u00e9s de perder ante Puebla 1-3 en la Jornada 15 del Clausura 2019.\u2028&#8221;Ya puedo salir a cenar&#8221;.\u2028Despu\u00e9s de ganarle a Le\u00f3n en la Jornada 16 del Clausura 2019. El \u00fanico en el que triunf\u00f3 en ese torneo.\u2028&#8221;Este equipo tiene una muy buena plantilla, simplemente a veces hay que trabajar mejor, no mucho m\u00e1s ni menos, creo que este equipo ahora mismo no est\u00e1 a la altura de otros, pero pronto lo va a estar, los directivos han estado muy ocupados y el Guadalajara representa la mexicanidad, es el m\u00e1s popular e importante de M\u00e9xico&#8221;.\u2028Despu\u00e9s de perder ante Tigres 2-1 en la Jornada 17 del Clausura 2019.\u2028&#8221;El VAR ayuda a los \u00e1rbitros, no al Guadalajara&#8221;.\u2028Conferencia de prensa, agosto 2019.\u2028&#8221;Los t\u00e9cnicos siempre estamos con las maletas listas, pero creo en este Guadalajara&#8221;.\u2028\u00daltima conferencia de prensa Dada despu\u00e9s del juego ante Pachuca.<br \/>**<\/p>\n<p>\u00a0#AZULCREMAS <br \/>&#8220;El Cl\u00e1sico es nuestro&#8221;, amenaza Vi\u00f1as al Guadalajara <br \/>\u00a0\u00a0 \u00a0\u2022\u00a0\u00a0 \u00a0Ser\u00e1 el segundo cl\u00e1sico que dispute Vi\u00f1as tras su arribo al Nido\u2028<\/p>\n<p>(AGENCIA EL UNIVERSAL) En 47 minutos, Federico Vi\u00f1as ha rescatado al Am\u00e9rica en dos ocasiones. Le marc\u00f3 en el empate contra los Pumas (1-1), en la novena jornada, y ayer hizo lo propio en la visita al FC Ju\u00e1rez, para igualar los cartones de forma dram\u00e1tica (1-1).\u2028Sin embargo, entre la preocupaci\u00f3n por el complicado despegue de las \u00c1guilas, el delantero uruguayo se atrevi\u00f3 en advertir al Guadalajara, rival al que ya le ech\u00f3 el ojo para hacerle la maldad.\u2028&#8221;Feliz por el gol, pero no se pudo ganar que era lo que quer\u00edamos. Este equipo nunca baja los brazos y da lucha hasta el final, positivo siempre que lo mejor est\u00e1 por venir&#8221;, expres\u00f3 en redes sociales, rumbo al cl\u00e1sico nacional. &#8220;Vamo arriba, @clubamerica, que el cl\u00e1sico es nuestro&#8221;.\u2028Ser\u00e1 el segundo cl\u00e1sico que dispute Vi\u00f1as tras su arribo al Nido. Lleva tres partidos en el Apertura 2019 y ya ha puesto la presi\u00f3n necesaria a la competencia interna con Henry Mart\u00edn y pr\u00f3ximamente con Nicol\u00e1s Castillo (lesionado).\u2028Pero el papel de h\u00e9roe y &#8220;talism\u00e1n&#8221; le empieza a gustar a Vi\u00f1as. &#8220;He escuchado que me llaman as\u00ed y no est\u00e1 mal, me est\u00e1 gustando, muy bonito.<\/p>\n","protected":false},"excerpt":{"rendered":"<p>ESTADIO EN TLALNEPANTLA DEPENDE DE LA COOPERATIVA CRUZ AZUL \u00a0\u00a0 \u00a0\u2022\u00a0\u00a0 \u00a0El presidente municipal\u00a0 dijo que \u00c1lvarez comparti\u00f3 algunos planos de lo que pudiera ser el estadio\u2028<\/p>\n","protected":false},"author":93,"featured_media":0,"comment_status":"open","ping_status":"open","sticky":false,"template":"","format":"standard","meta":{"footnotes":""},"categories":[39],"tags":[],"class_list":["post-91586","post","type-post","status-publish","format-standard","hentry","category-deportiva"],"_links":{"self":[{"href":"https:\/\/plazajuarez.mx\/historico\/wp-json\/wp\/v2\/posts\/91586","targetHints":{"allow":["GET"]}}],"collection":[{"href":"https:\/\/plazajuarez.mx\/historico\/wp-json\/wp\/v2\/posts"}],"about":[{"href":"https:\/\/plazajuarez.mx\/historico\/wp-json\/wp\/v2\/types\/post"}],"author":[{"embeddable":true,"href":"https:\/\/plazajuarez.mx\/historico\/wp-json\/wp\/v2\/users\/93"}],"replies":[{"embeddable":true,"href":"https:\/\/plazajuarez.mx\/historico\/wp-json\/wp\/v2\/comments?post=91586"}],"version-history":[{"count":0,"href":"https:\/\/plazajuarez.mx\/historico\/wp-json\/wp\/v2\/posts\/91586\/revisions"}],"wp:attachment":[{"href":"https:\/\/plazajuarez.mx\/historico\/wp-json\/wp\/v2\/media?parent=91586"}],"wp:term":[{"taxonomy":"category","embeddable":true,"href":"https:\/\/plazajuarez.mx\/historico\/wp-json\/wp\/v2\/categories?post=91586"},{"taxonomy":"post_tag","embeddable":true,"href":"https:\/\/plazajuarez.mx\/historico\/wp-json\/wp\/v2\/tags?post=91586"}],"curies":[{"name":"wp","href":"https:\/\/api.w.org\/{rel}","templated":true}]}}