{"id":91462,"date":"2019-09-25T13:55:28","date_gmt":"2019-09-25T13:55:28","guid":{"rendered":"http:\/\/plazajuarez.mx\/index\/index.php\/2019\/09\/25\/ensamble-cultural-mostrara-el-talento-hidalguense\/"},"modified":"2019-09-25T13:55:28","modified_gmt":"2019-09-25T13:55:28","slug":"ensamble-cultural-mostrara-el-talento-hidalguense","status":"publish","type":"post","link":"https:\/\/plazajuarez.mx\/historico\/ensamble-cultural-mostrara-el-talento-hidalguense\/","title":{"rendered":"Ensamble cultural mostrar\u00e1 el talento hidalguense\u2028\u2028"},"content":{"rendered":"<p>Concierto \u201cFiesta mexicana\u201d \u00a0 <\/p>\n<p>  <!--more-->  <\/p>\n<p>Por primera vez en la entidad. con la participaci\u00f3n de m\u00fasicos, bailarines, mariachis, cantantes, tenores y la Banda Sinf\u00f3nica del Estado de Hidalgo, conformar\u00e1n un ensamble que mostrar\u00e1 el talento hidalguense, en el primer concierto \u201cFiesta mexicana\u201d, que se realizar\u00e1 el 28 de septiembre a las 19:00 horas en el Teatro San Francisco. <br \/>Olaf Hern\u00e1ndez S\u00e1nchez, titular de la Secretar\u00eda de Cultura de Hidalgo, declar\u00f3 que desde hace tiempo buscaba hacer este espect\u00e1culo que surgi\u00f3 como una muestra de cultura individual, pero que fue hasta ahora que logr\u00f3 conformar un show con todas las piezas que necesitaba para exponer que en la entidad existe mucho talento. <br \/>\u201cCon este espect\u00e1culo queremos reafirmar que los artistas de Hidalgo tienen calidad y mucho que mostrar, por lo que deben ser reconocidos por la labor que realizan todos los dias, y asi mismo, con el evento buscamos posicionar\u00a0a la Banda Sinf\u00f3nica del Estado de Hidalgo como la agrupaci\u00f3n musical m\u00e1s importante en la entidad\u201d.<br \/>Marco Antonio Orozco, director de la Banda Sinf\u00f3nica del Estado de Hidalgo, describi\u00f3 el evento como una fiesta.<\/p>\n","protected":false},"excerpt":{"rendered":"<p>Concierto \u201cFiesta mexicana\u201d \u00a0<\/p>\n","protected":false},"author":93,"featured_media":0,"comment_status":"open","ping_status":"open","sticky":false,"template":"","format":"standard","meta":{"footnotes":""},"categories":[59],"tags":[],"class_list":["post-91462","post","type-post","status-publish","format-standard","hentry","category-general"],"_links":{"self":[{"href":"https:\/\/plazajuarez.mx\/historico\/wp-json\/wp\/v2\/posts\/91462","targetHints":{"allow":["GET"]}}],"collection":[{"href":"https:\/\/plazajuarez.mx\/historico\/wp-json\/wp\/v2\/posts"}],"about":[{"href":"https:\/\/plazajuarez.mx\/historico\/wp-json\/wp\/v2\/types\/post"}],"author":[{"embeddable":true,"href":"https:\/\/plazajuarez.mx\/historico\/wp-json\/wp\/v2\/users\/93"}],"replies":[{"embeddable":true,"href":"https:\/\/plazajuarez.mx\/historico\/wp-json\/wp\/v2\/comments?post=91462"}],"version-history":[{"count":0,"href":"https:\/\/plazajuarez.mx\/historico\/wp-json\/wp\/v2\/posts\/91462\/revisions"}],"wp:attachment":[{"href":"https:\/\/plazajuarez.mx\/historico\/wp-json\/wp\/v2\/media?parent=91462"}],"wp:term":[{"taxonomy":"category","embeddable":true,"href":"https:\/\/plazajuarez.mx\/historico\/wp-json\/wp\/v2\/categories?post=91462"},{"taxonomy":"post_tag","embeddable":true,"href":"https:\/\/plazajuarez.mx\/historico\/wp-json\/wp\/v2\/tags?post=91462"}],"curies":[{"name":"wp","href":"https:\/\/api.w.org\/{rel}","templated":true}]}}