{"id":91377,"date":"2019-09-23T14:39:00","date_gmt":"2019-09-23T14:39:00","guid":{"rendered":"http:\/\/plazajuarez.mx\/index\/index.php\/2019\/09\/23\/lopez-obrador-pide-a-fiscalia-atender-denuncia-contra-lider-del-pri-de-mexico\/"},"modified":"2019-09-23T14:39:00","modified_gmt":"2019-09-23T14:39:00","slug":"lopez-obrador-pide-a-fiscalia-atender-denuncia-contra-lider-del-pri-de-mexico","status":"publish","type":"post","link":"https:\/\/plazajuarez.mx\/historico\/lopez-obrador-pide-a-fiscalia-atender-denuncia-contra-lider-del-pri-de-mexico\/","title":{"rendered":"L\u00f3pez Obrador pide a Fiscal\u00eda atender denuncia contra l\u00edder del PRI de M\u00e9xico"},"content":{"rendered":"<p>El presidente de M\u00e9xico, Andr\u00e9s Manuel L\u00f3pez Obrador, afirm\u00f3 este lunes que la Fiscal\u00eda General de la Rep\u00fablica (FGR) debe atender la denuncia presentada contra el l\u00edder del Partido Revolucionario Institucional (PRI), Alejandro Moreno C\u00e1rdenas, por presunto enriquecimiento il\u00edcito. <!--more--> <\/p>\n<p>  En su conferencia de prensa matutina, L\u00f3pez Obrador fue interrogado acerca de los reportes de prensa sobre una investigaci\u00f3n iniciada por la FGR a Moreno a ra\u00edz de una denuncia presentada en su contra.<\/p>\n<p>  &#8220;Debe la Fiscal\u00eda atender la denuncia, tengo entendido que la present\u00f3 un dirigente del PRI que fue gobernador de Oaxaca, Ulises Ruiz. Entonces la Fiscal\u00eda tiene que atender todas las denuncias que se presenten, de cualquier ciudadano, y esclarecer los hechos&#8221;, respondi\u00f3 el mandatario.<\/p>\n<p>  Sostuvo que no hay que adelantarse a los resultados de las pesquisas y &#8220;tener confianza en la Fiscal\u00eda&#8221;, que tiene autonom\u00eda respecto del Gobierno.<\/p>\n<p>  Asimismo descart\u00f3 que la investigaci\u00f3n pueda interpretarse como persecuci\u00f3n pol\u00edtica contra la oposici\u00f3n.<\/p>\n<p>  &#8220;Cada vez est\u00e1 m\u00e1s claro que nosotros no actuamos de manera perversa. Nosotros no somos como los anteriores gobiernos, que usaban a la Procuradur\u00eda (antecesora de la FGR) para perseguir a los opositores o fabricarles delitos, o para proteger a los presuntos delincuentes&#8221;, expres\u00f3.<\/p>\n<p>  El peri\u00f3dico Reforma public\u00f3 este lunes que la investigaci\u00f3n contra Moreno busca comprobar c\u00f3mo el dirigente nacional del PRI disfraz\u00f3 el valor real de al menos 15 inmuebles que adquiri\u00f3 en el estado de Campeche, que en su declaraci\u00f3n patrimonial valu\u00f3 en 6,5 millones de pesos (177.134 d\u00f3lares) cuando su valor real rebasar\u00eda los 100 millones de pesos (5,1 millones de d\u00f3lares).<\/p>\n<p>  Adem\u00e1s, conforme la denuncia presentada por el exgobernador Ruiz (2004-2010), las propiedades fueron compradas con dinero en efectivo cuya procedencia se desconoce.<\/p>\n<p>  El domingo, el Comit\u00e9 Ejecutivo Nacional del PRI acus\u00f3 que la FGR filtr\u00f3 informaci\u00f3n del caso a la prensa, y se\u00f1al\u00f3 que la investigaci\u00f3n sale a la luz d\u00edas despu\u00e9s de que sus diputados votaron contra las leyes secundarias de la reforma educativa propuesta por el Movimiento Regeneraci\u00f3n Nacional (Morena), el partido de L\u00f3pez Obrador.<\/p>\n<p>  A su vez, Moreno, elegido como presidente del partido en agosto, advirti\u00f3 que el PRI se mantendr\u00e1 como una oposici\u00f3n combativa y que no permitir\u00e1 intimidaciones que busquen silenciarlo. &#8220;Quienes pretendan dividirnos se encontrar\u00e1n con un partido unido, fuerte y convencido de que nuestra mayor fortaleza es la firmeza con la que trabajamos a favor de M\u00e9xico&#8221;, escribi\u00f3 en Twitter.<\/p>\n<p>\n","protected":false},"excerpt":{"rendered":"<p>El presidente de M\u00e9xico, Andr\u00e9s Manuel L\u00f3pez Obrador, afirm\u00f3 este lunes que la Fiscal\u00eda General de la Rep\u00fablica (FGR) debe atender la denuncia presentada contra el l\u00edder del Partido Revolucionario Institucional (PRI), Alejandro Moreno C\u00e1rdenas, por presunto enriquecimiento il\u00edcito.<\/p>\n","protected":false},"author":6,"featured_media":0,"comment_status":"open","ping_status":"open","sticky":false,"template":"","format":"standard","meta":{"footnotes":""},"categories":[36],"tags":[],"class_list":["post-91377","post","type-post","status-publish","format-standard","hentry","category-nacion"],"_links":{"self":[{"href":"https:\/\/plazajuarez.mx\/historico\/wp-json\/wp\/v2\/posts\/91377","targetHints":{"allow":["GET"]}}],"collection":[{"href":"https:\/\/plazajuarez.mx\/historico\/wp-json\/wp\/v2\/posts"}],"about":[{"href":"https:\/\/plazajuarez.mx\/historico\/wp-json\/wp\/v2\/types\/post"}],"author":[{"embeddable":true,"href":"https:\/\/plazajuarez.mx\/historico\/wp-json\/wp\/v2\/users\/6"}],"replies":[{"embeddable":true,"href":"https:\/\/plazajuarez.mx\/historico\/wp-json\/wp\/v2\/comments?post=91377"}],"version-history":[{"count":0,"href":"https:\/\/plazajuarez.mx\/historico\/wp-json\/wp\/v2\/posts\/91377\/revisions"}],"wp:attachment":[{"href":"https:\/\/plazajuarez.mx\/historico\/wp-json\/wp\/v2\/media?parent=91377"}],"wp:term":[{"taxonomy":"category","embeddable":true,"href":"https:\/\/plazajuarez.mx\/historico\/wp-json\/wp\/v2\/categories?post=91377"},{"taxonomy":"post_tag","embeddable":true,"href":"https:\/\/plazajuarez.mx\/historico\/wp-json\/wp\/v2\/tags?post=91377"}],"curies":[{"name":"wp","href":"https:\/\/api.w.org\/{rel}","templated":true}]}}