{"id":91373,"date":"2019-09-23T12:39:35","date_gmt":"2019-09-23T12:39:35","guid":{"rendered":"http:\/\/plazajuarez.mx\/index\/index.php\/2019\/09\/23\/neoliberalismo-recuento-de-danos-2\/"},"modified":"2019-09-23T12:39:35","modified_gmt":"2019-09-23T12:39:35","slug":"neoliberalismo-recuento-de-danos-2","status":"publish","type":"post","link":"https:\/\/plazajuarez.mx\/historico\/neoliberalismo-recuento-de-danos-2\/","title":{"rendered":"Neoliberalismo: recuento de da\u00f1os"},"content":{"rendered":"<p>CONCIENCIA CIUDADANA<\/p>\n<p>\u00a0\u00a0 \u00a0\u2022\u00a0\u00a0 \u00a0\u201cLa memoria es la lucha contra el poder y el olvido\u201d\u2028<br \/>Milan Kundera<\/p>\n<p>  <!--more-->  <\/p>\n<p>Han pasado muchos a\u00f1os desde que el llamado \u201cneoliberalismo\u201d se ceb\u00f3 sobre la sociedad mexicana dejando una profunda huella en todos los \u00f3rdenes de la vida. Lo que es peor, para ciertas regiones o grupos sociales el da\u00f1o fue m\u00e1s fuerte que para otros, debido a las condiciones adversas que ya ven\u00edan arrastrando y que, lejos de superarse con el sistema surgido con el capitalismo salvaje propugnado por el\u00a0 nuevo orden terminaron por agudizarse y multiplicarse, aun cuando el maquillaje de la modernizaci\u00f3n intentara ocultarlas. <br \/>\u00a0\u00a0 \u00a0Una de las estrategias utilizadas para imponer el neoliberalismo a partir de los a\u00f1os ochenta, cuando el gobierno encabezado por el PRI acept\u00f3 echar abajo el estado de bienestar surgido con la revoluci\u00f3n mexicana, consisti\u00f3 en dividir y controlar a los sectores sociales y a los movimientos hist\u00f3ricos que dinamizaban la vida nacional. La operaci\u00f3n result\u00f3 exitosa, pues\u00a0 los promotores mexicanos del neoliberalismo -incrustados en el sector p\u00fablico por sus padrinos nacionales e internacionales-, supieron aprovechar el aparato corporativo con el que el decadente r\u00e9gimen pri\u00edsta ejerc\u00eda un control avasallante sobre la sociedad mexicana, as\u00ed como con la cooptaci\u00f3n de numerosos cr\u00edticos y luchadores sociales mediante eficientes y eficaces mecanismos de sometimiento a sus designios.\u00a0 <br \/>\u00a0\u00a0 \u00a0Adem\u00e1s, en sentido contrario a los de otras latitudes, lejos de someter su modelo de gobierno al voto libre, el neoliberalismo mexicano simplemente se mont\u00f3 en el viejo aparato partidista de sus padres y abuelos para alcanzar el control del estado mexicano mediante los fraudulentos m\u00e9todos electorales de anta\u00f1o.\u00a0 <br \/>\u00a0\u00a0 \u00a0Otro factor heredado que favoreci\u00f3 la conquista del Estado Mexicano por parte de los neoliberales fue la ficci\u00f3n de la divisi\u00f3n de poderes con la que sus antecesores garantizaban la continuidad del proyecto revolucionario; sometiendo al legislativo y al judicial al poder presidencial y haciendo de \u00e9ste el factor clave para el control de todos los sectores del pa\u00eds. En su momento, los neoliberales idearon un nuevo sistema pol\u00edtico-electoral que sin embargo, dej\u00f3 intocada el presidencialismo, pues a pesar de las distintas reformas electorales, legislativas y judiciales,\u00a0 en los hechos, el poder ejecutivo continu\u00f3 imponi\u00e9ndose a los otros, aunque cada vez con mayores dificultades; lo que no fue obst\u00e1culo para que el \u00faltimo presidente neoliberal lograra sacar adelante las llamadas \u201creformas estructurales\u201d exigidas por el capitalismo, pese al evidente rechazo de la sociedad.\u00a0\u00a0 <br \/>\u00a0\u00a0 \u00a0Otro instrumento que los neoliberales recibieron en herencia de sus antecesores fue el arma m\u00e1gica de la corrupci\u00f3n. Ya \u00c1lvaro Obreg\u00f3n presum\u00eda ser menos ladr\u00f3n que sus adversarios porque le faltaba una mano, pero lo que en el viejo r\u00e9gimen autoritario fue un lujo, en el neoliberalismo se volvi\u00f3 necesidad. \u201cEl que no transa no avanza\u201d se dec\u00eda y\u00a0 la corrupci\u00f3n se convirti\u00f3 en una segunda naturaleza de todo el espectro pol\u00edtico y las elites burocr\u00e1ticas hasta lograr, finalmente, que nuestro pa\u00eds alcanzara uno de los primeros lugares en el mundo en materia de impunidad y corrupci\u00f3n. <br \/>\u00a0\u00a0 \u00a0As\u00ed pues, nos llovi\u00f3 sobre mojado: a los males del pasado remoto le sucedieron los del pasado reciente, pues quienes gobernaron bajo la sombra del PRI neoliberal se beneficiaron de los usos y costumbres del viejo PRI autoritario y violento que no s\u00f3lo no desapareci\u00f3, sino se consolid\u00f3 bajo un enga\u00f1oso disfraz democr\u00e1tico.\u00a0 <br \/>\u00a0\u00a0 \u00a0Ha llegado, pues, el momento de hacer un recuento de los da\u00f1os sufridos a lo largo de la oscura noche del neoliberalismo pues, como solemos repetir una y otra vez\u00a0 en \u00e9ste espacio, de no aprender del pasado corremos el riesgo de repetir sus mismos errores y no estamos exentos de caer en tal\u00a0 situaci\u00f3n, si consideramos que no ser\u00eda la primera vez que quienes fueron derrotados por un movimiento popular sean los que, finalmente, terminen por apoderarse de su direcci\u00f3n; habida la capacidad de mimetismo que ha distinguido a las \u00e9lites criollo-conservadoras en la historia de M\u00e9xico: Iturbide, general realista \u201cconsuma\u201d la independencia y se hace nombrar emperador; D\u00edaz, general reformista, se hace presidente rebel\u00e1ndose a la autoridad civil s\u00f3lo para quedarse m\u00e1s de 30 a\u00f1os en la presidencia y Carlos Salinas de Gortari, ni\u00f1o mimado de la elite burocr\u00e1tico-financiera del viejo r\u00e9gimen, se alza con la presidencia haci\u00e9ndose pasar por el primer modernizador de M\u00e9xico y rebasando por la derecha a las corrientes contrarias a su proyecto privatizador.\u00a0 <br \/>\u00a0\u00a0 \u00a0\u00bfResulta fatal que as\u00ed sea? No lo creemos; pero si la memoria colectiva elude la tarea de pensar y reflexionar su pasado, dando sentido y significado a los acontecimientos que conforman su historia, dif\u00edcilmente podr\u00e1\u00a0 imaginarse un proyecto alternativo al que los poderosos marcaron con sangre y fuego en nuestros cuerpos y almas durante tantos a\u00f1os. Basta vernos en nuestro propio espejo: los hidalguenses participantes en las luchas democr\u00e1ticas, hemos permanecido aislados y divididos, como si no tuvi\u00e9ramos nada que decir y hacer frente al avasallador dominio que ejercen a\u00fan las fuerzas del pasado; mientras que \u00e9stas toman ya posiciones para el pr\u00f3ximo reparto del poder p\u00fablico; algunas, intentando hacerlo hasta con la bandera de la cuarta transformaci\u00f3n.\u00a0\u00a0\u00a0\u00a0 <br \/>\u00a0\u00a0 \u00a0En resumen, el primer paso del cambio democr\u00e1tico se ha dado ya, gracias a la feliz concurrencia del l\u00edder necesario y una sociedad dispuesta al cambio, lo cual no significa que se haya logrado ya la transformaci\u00f3n pol\u00edtica y, mucho menos,\u00a0 econ\u00f3mica\u00a0 y social esperada; porque ni siquiera nos queda claro el tama\u00f1o de los da\u00f1os ni la capacidad social para repararlos y las alternativas para salir adelante. Al menos en Hidalgo no contamos con tal informaci\u00f3n. <br \/>\u00a0\u00a0 \u00a0Se hace pues, urgente la necesidad de que los memoriosos que vivieron y padecieron la acci\u00f3n terrible del r\u00e9gimen desplazado -pero a\u00fan no derrotado-, emprendan un ejercicio colectivo\u00a0 de recuperaci\u00f3n de ese pasado aportando sus recuerdos y reflexiones como un elemento m\u00e1s de la formaci\u00f3n de una conciencia social democr\u00e1tica, cr\u00edtica y transformadora que abra las puertas a un futuro m\u00e1s promisorio para nuestra sociedad.\u00a0 <br \/>Y RECUERDEN QUE VIVOS SE LOS LLEVARON Y VIVOS LOS QUEREMOS CON NOSOTROS, A TODOS ELLOS.<\/p>\n","protected":false},"excerpt":{"rendered":"<p>CONCIENCIA CIUDADANA \u00a0\u00a0 \u00a0\u2022\u00a0\u00a0 \u00a0\u201cLa memoria es la lucha contra el poder y el olvido\u201d\u2028Milan Kundera<\/p>\n","protected":false},"author":93,"featured_media":0,"comment_status":"open","ping_status":"open","sticky":false,"template":"","format":"standard","meta":{"footnotes":""},"categories":[55],"tags":[],"class_list":["post-91373","post","type-post","status-publish","format-standard","hentry","category-miguel-angel-serna"],"_links":{"self":[{"href":"https:\/\/plazajuarez.mx\/historico\/wp-json\/wp\/v2\/posts\/91373","targetHints":{"allow":["GET"]}}],"collection":[{"href":"https:\/\/plazajuarez.mx\/historico\/wp-json\/wp\/v2\/posts"}],"about":[{"href":"https:\/\/plazajuarez.mx\/historico\/wp-json\/wp\/v2\/types\/post"}],"author":[{"embeddable":true,"href":"https:\/\/plazajuarez.mx\/historico\/wp-json\/wp\/v2\/users\/93"}],"replies":[{"embeddable":true,"href":"https:\/\/plazajuarez.mx\/historico\/wp-json\/wp\/v2\/comments?post=91373"}],"version-history":[{"count":0,"href":"https:\/\/plazajuarez.mx\/historico\/wp-json\/wp\/v2\/posts\/91373\/revisions"}],"wp:attachment":[{"href":"https:\/\/plazajuarez.mx\/historico\/wp-json\/wp\/v2\/media?parent=91373"}],"wp:term":[{"taxonomy":"category","embeddable":true,"href":"https:\/\/plazajuarez.mx\/historico\/wp-json\/wp\/v2\/categories?post=91373"},{"taxonomy":"post_tag","embeddable":true,"href":"https:\/\/plazajuarez.mx\/historico\/wp-json\/wp\/v2\/tags?post=91373"}],"curies":[{"name":"wp","href":"https:\/\/api.w.org\/{rel}","templated":true}]}}