{"id":91370,"date":"2019-09-23T12:36:53","date_gmt":"2019-09-23T12:36:53","guid":{"rendered":"http:\/\/plazajuarez.mx\/index\/index.php\/2019\/09\/23\/los-16-momentos-culturales-de-la-4t-parte-3-de-3\/"},"modified":"2019-09-23T12:36:53","modified_gmt":"2019-09-23T12:36:53","slug":"los-16-momentos-culturales-de-la-4t-parte-3-de-3","status":"publish","type":"post","link":"https:\/\/plazajuarez.mx\/historico\/los-16-momentos-culturales-de-la-4t-parte-3-de-3\/","title":{"rendered":"Los 16 momentos culturales de la 4T (Parte 3 de 3)"},"content":{"rendered":"<p>\u00a0\u00a0\u00a0 \u2022\u00a0\u00a0 \u00a0En el marco del Primer Informe de Gobierno, este es un recuento de los despidos, recortes, renuncias, quejas, esc\u00e1ndalos y esfuerzos en el sector cultural\u2028<\/p>\n<p>Texto: Agencia El Universal \/ Fotos: Arriba: M\u00e9xico Desconocido \/ Abajo: Agencia El Universal<br \/>\u00a0<\/p>\n<p>  <!--more-->  <\/p>\n<p>El 12 de junio, la secretar\u00eda de Cultura y P\u00e1vel Granados, director de la Fonoteca Nacional, presentaron un audio con la supuesta voz de Frida Kahlo, que fue encontrado en el archivo de \u00c1lvaro G\u00e1lvez y Fuentes, El Bachiller. Despu\u00e9s de la presentaci\u00f3n, personas cercanas a la artista y en redes sociales cuestionaron la grabaci\u00f3n, incluso la actriz Amparo Garrido dijo que era su voz. <br \/>Los avances. Alejandra Frausto se ha expresado en defensa de los dise\u00f1os de artesanos, por lo que cuando la dise\u00f1adora Carolina Herrera present\u00f3 su colecci\u00f3n Resort 2020 (10 de junio), con dise\u00f1os de textiles mexicanos sin darles el cr\u00e9dito correspondiente, la funcionaria envi\u00f3 una carta para pedir una explicaci\u00f3n, pero la firma argument\u00f3 que se trataba de jun homenaje. La marca Louis Vuitton tambi\u00e9n fue acusada de plagiar los bordados tradicionales de Tenango de Doria, Hidalgo. Por ambos casos, la Secretar\u00eda ha comentado que presentar\u00e1 leyes para proteger estos dise\u00f1os. Otro punto a destacar es que el 6 de marzo fueron repatriados 594 ex votos procedentes de Italia. A su llegada, las piezas fueron sometidas a restauraci\u00f3n y actualmente se encuentran expuestas en el Museo Nacional de las Culturas del Mundo. Y en materia de reconstrucci\u00f3n, el INAH inform\u00f3 que hasta el 20 de junio hab\u00edan sido restaurados 895 inmuebles de los 2 mil 340 que resultaron afectados por los sismos del 7 y 19 de septiembre de 2017.<br \/>Los pendientes. El 2 de abril, el presidente Andr\u00e9s Manuel L\u00f3pez Obrador present\u00f3 el Proyecto Cultural Chapultepec, que est\u00e1 a cargo del artista Gabriel Orozco y con el que se busca integrar a las 800 hect\u00e1reas del bosque. Sin embargo, el mandatario dijo que los detalles del proyecto ser\u00edan dados a conocer en junio o julio, pero hasta el momento no hay m\u00e1s informaci\u00f3n. Tambi\u00e9n, desde el periodo de transici\u00f3n, el Presidente anunci\u00f3 la creaci\u00f3n del Tren Maya, que est\u00e1 contemplado para atravesar por cinco estados: Yucat\u00e1n, Campeche, Quintana Roo, Tabasco y Chiapas. No obstante, a\u00fan no ha sido presentado el proyecto definitivo, con los costos y el trazo del tren. Adem\u00e1s, investigadores del INAH se han manifestado en contra del proyecto, pues consideran que ser\u00e1n afectados sitios arqueol\u00f3gicos. El 16 de agosto, un grupo de personas que se manifestaron contra la violencia de g\u00e9nero realiz\u00f3 pintas en la Columna de la Independencia, obra catalogada como Monumento Art\u00edstico por el INBAL. Para intervenir la Columna de la Independencia, la Secretar\u00eda de Cultura anunci\u00f3 que trabajar\u00e1n en coordinaci\u00f3n con la Secretar\u00eda de Cultura de la Ciudad de M\u00e9xico, el INAH, INBAL, la Secretar\u00eda de Comunicaciones y Transportes y la Alcald\u00eda Cuauht\u00e9moc.<\/p>\n","protected":false},"excerpt":{"rendered":"<p>\u00a0\u00a0\u00a0 \u2022\u00a0\u00a0 \u00a0En el marco del Primer Informe de Gobierno, este es un recuento de los despidos, recortes, renuncias, quejas, esc\u00e1ndalos y esfuerzos en el sector cultural\u2028 Texto: Agencia El Universal \/ Fotos: Arriba: M\u00e9xico Desconocido \/ Abajo: Agencia El Universal\u00a0<\/p>\n","protected":false},"author":93,"featured_media":0,"comment_status":"open","ping_status":"open","sticky":false,"template":"","format":"standard","meta":{"footnotes":""},"categories":[41],"tags":[],"class_list":["post-91370","post","type-post","status-publish","format-standard","hentry","category-arteria-cultural"],"_links":{"self":[{"href":"https:\/\/plazajuarez.mx\/historico\/wp-json\/wp\/v2\/posts\/91370","targetHints":{"allow":["GET"]}}],"collection":[{"href":"https:\/\/plazajuarez.mx\/historico\/wp-json\/wp\/v2\/posts"}],"about":[{"href":"https:\/\/plazajuarez.mx\/historico\/wp-json\/wp\/v2\/types\/post"}],"author":[{"embeddable":true,"href":"https:\/\/plazajuarez.mx\/historico\/wp-json\/wp\/v2\/users\/93"}],"replies":[{"embeddable":true,"href":"https:\/\/plazajuarez.mx\/historico\/wp-json\/wp\/v2\/comments?post=91370"}],"version-history":[{"count":0,"href":"https:\/\/plazajuarez.mx\/historico\/wp-json\/wp\/v2\/posts\/91370\/revisions"}],"wp:attachment":[{"href":"https:\/\/plazajuarez.mx\/historico\/wp-json\/wp\/v2\/media?parent=91370"}],"wp:term":[{"taxonomy":"category","embeddable":true,"href":"https:\/\/plazajuarez.mx\/historico\/wp-json\/wp\/v2\/categories?post=91370"},{"taxonomy":"post_tag","embeddable":true,"href":"https:\/\/plazajuarez.mx\/historico\/wp-json\/wp\/v2\/tags?post=91370"}],"curies":[{"name":"wp","href":"https:\/\/api.w.org\/{rel}","templated":true}]}}