{"id":91354,"date":"2019-09-23T12:25:31","date_gmt":"2019-09-23T12:25:31","guid":{"rendered":"http:\/\/plazajuarez.mx\/index\/index.php\/2019\/09\/23\/no-es-efectivo-proyecto-para-outsourcing\/"},"modified":"2019-09-23T12:25:31","modified_gmt":"2019-09-23T12:25:31","slug":"no-es-efectivo-proyecto-para-outsourcing","status":"publish","type":"post","link":"https:\/\/plazajuarez.mx\/historico\/no-es-efectivo-proyecto-para-outsourcing\/","title":{"rendered":"\u201cNo es efectivo proyecto para outsourcing\u201d"},"content":{"rendered":"<p>\u00a0\u00a0\u00a0 \u2022\u00a0\u00a0 \u00a0Se ha observado que el outsourcing no cumple con enterar al fisco el IVA trasladado\u2028<\/p>\n<p>  <!--more-->  <\/p>\n<p>La propuesta en el paquete fiscal 2020 para evitar la evasi\u00f3n a trav\u00e9s de la subcontrataci\u00f3n laboral debe ser m\u00e1s extensa para abarcar tambi\u00e9n al outsourcing malo, consider\u00f3 el socio de impuestos indirectos de la firma EY, Ricardo Delgado.<br \/>Advirti\u00f3 que el nuevo esquema propuesto generar\u00e1 un saldo a favor para la empresa de subcontrataci\u00f3n de personal que implicar\u00e1 la devoluci\u00f3n de impuestos.<br \/>En entrevista, asegur\u00f3 que no representa una buena medida para atacar la econom\u00eda informal, por el contrario, castigar\u00e1 a las empresas cautivas. &#8220;Su \u00e1mbito de aplicaci\u00f3n deber\u00eda ser m\u00e1s amplio si realmente se quiere atacar a todo el outsourcing&#8221;.<br \/>En el paquete fiscal 2020 se pone a consideraci\u00f3n del Congreso que a partir del pr\u00f3ximo a\u00f1o las compa\u00f1\u00edas y personas f\u00edsicas con actividad empresarial que recurran a esta alternativa de subcontrataci\u00f3n laboral calculen, retengan y enteren al fisco el IVA que les trasladen.<br \/>Explic\u00f3 que para caer en el supuesto de subcontrataci\u00f3n laboral hay ciertos requisitos en la ley, y muchas veces la relaci\u00f3n que se tiene con este outsourcing malo incumple con uno de \u00e9stos.<\/p>\n","protected":false},"excerpt":{"rendered":"<p>\u00a0\u00a0\u00a0 \u2022\u00a0\u00a0 \u00a0Se ha observado que el outsourcing no cumple con enterar al fisco el IVA trasladado\u2028<\/p>\n","protected":false},"author":93,"featured_media":0,"comment_status":"open","ping_status":"open","sticky":false,"template":"","format":"standard","meta":{"footnotes":""},"categories":[36],"tags":[],"class_list":["post-91354","post","type-post","status-publish","format-standard","hentry","category-nacion"],"_links":{"self":[{"href":"https:\/\/plazajuarez.mx\/historico\/wp-json\/wp\/v2\/posts\/91354","targetHints":{"allow":["GET"]}}],"collection":[{"href":"https:\/\/plazajuarez.mx\/historico\/wp-json\/wp\/v2\/posts"}],"about":[{"href":"https:\/\/plazajuarez.mx\/historico\/wp-json\/wp\/v2\/types\/post"}],"author":[{"embeddable":true,"href":"https:\/\/plazajuarez.mx\/historico\/wp-json\/wp\/v2\/users\/93"}],"replies":[{"embeddable":true,"href":"https:\/\/plazajuarez.mx\/historico\/wp-json\/wp\/v2\/comments?post=91354"}],"version-history":[{"count":0,"href":"https:\/\/plazajuarez.mx\/historico\/wp-json\/wp\/v2\/posts\/91354\/revisions"}],"wp:attachment":[{"href":"https:\/\/plazajuarez.mx\/historico\/wp-json\/wp\/v2\/media?parent=91354"}],"wp:term":[{"taxonomy":"category","embeddable":true,"href":"https:\/\/plazajuarez.mx\/historico\/wp-json\/wp\/v2\/categories?post=91354"},{"taxonomy":"post_tag","embeddable":true,"href":"https:\/\/plazajuarez.mx\/historico\/wp-json\/wp\/v2\/tags?post=91354"}],"curies":[{"name":"wp","href":"https:\/\/api.w.org\/{rel}","templated":true}]}}