{"id":91351,"date":"2019-09-23T12:21:24","date_gmt":"2019-09-23T12:21:24","guid":{"rendered":"http:\/\/plazajuarez.mx\/index\/index.php\/2019\/09\/23\/esta-desaparecida-la-joven-gennifer-archundia-vilchis\/"},"modified":"2019-09-23T12:21:24","modified_gmt":"2019-09-23T12:21:24","slug":"esta-desaparecida-la-joven-gennifer-archundia-vilchis","status":"publish","type":"post","link":"https:\/\/plazajuarez.mx\/historico\/esta-desaparecida-la-joven-gennifer-archundia-vilchis\/","title":{"rendered":"Est\u00e1 desaparecida la joven Gennifer Archund\u00eda Vilchis"},"content":{"rendered":"<p>La joven Gennifer Archund\u00eda Vilchis se encuentra desaparecida y sus afligidos familiares solicitaron el apoyo de las autoridades y de la ciudadan\u00eda en general, para tratar de dar con su localizaci\u00f3n.<\/p>\n<p>  <!--more-->  <\/p>\n<p>Se inform\u00f3 que la mujer de 28 a\u00f1os de edad, desapareci\u00f3 el 14 del mes y a\u00f1o en curso, luego de que sali\u00f3 de su domicilio ubicado en el municipio de Tula de Allende.<br \/>As\u00ed mismo, se estableci\u00f3 que al momento de su desaparici\u00f3n, la mujer vest\u00eda blusa roja, pantal\u00f3n de mezclilla azul y llevaba una mochila rosa.<br \/>Finalmente, se dej\u00f3 en claro que como se\u00f1as particulares tiene un lunar en la mu\u00f1eca de la mano, le falta una pieza dental superior y tiene una cicatriz por ces\u00e1rea.<\/p>\n","protected":false},"excerpt":{"rendered":"<p>La joven Gennifer Archund\u00eda Vilchis se encuentra desaparecida y sus afligidos familiares solicitaron el apoyo de las autoridades y de la ciudadan\u00eda en general, para tratar de dar con su localizaci\u00f3n.<\/p>\n","protected":false},"author":93,"featured_media":0,"comment_status":"open","ping_status":"open","sticky":false,"template":"","format":"standard","meta":{"footnotes":""},"categories":[37],"tags":[],"class_list":["post-91351","post","type-post","status-publish","format-standard","hentry","category-barandilla"],"_links":{"self":[{"href":"https:\/\/plazajuarez.mx\/historico\/wp-json\/wp\/v2\/posts\/91351","targetHints":{"allow":["GET"]}}],"collection":[{"href":"https:\/\/plazajuarez.mx\/historico\/wp-json\/wp\/v2\/posts"}],"about":[{"href":"https:\/\/plazajuarez.mx\/historico\/wp-json\/wp\/v2\/types\/post"}],"author":[{"embeddable":true,"href":"https:\/\/plazajuarez.mx\/historico\/wp-json\/wp\/v2\/users\/93"}],"replies":[{"embeddable":true,"href":"https:\/\/plazajuarez.mx\/historico\/wp-json\/wp\/v2\/comments?post=91351"}],"version-history":[{"count":0,"href":"https:\/\/plazajuarez.mx\/historico\/wp-json\/wp\/v2\/posts\/91351\/revisions"}],"wp:attachment":[{"href":"https:\/\/plazajuarez.mx\/historico\/wp-json\/wp\/v2\/media?parent=91351"}],"wp:term":[{"taxonomy":"category","embeddable":true,"href":"https:\/\/plazajuarez.mx\/historico\/wp-json\/wp\/v2\/categories?post=91351"},{"taxonomy":"post_tag","embeddable":true,"href":"https:\/\/plazajuarez.mx\/historico\/wp-json\/wp\/v2\/tags?post=91351"}],"curies":[{"name":"wp","href":"https:\/\/api.w.org\/{rel}","templated":true}]}}