{"id":91350,"date":"2019-09-23T12:21:23","date_gmt":"2019-09-23T12:21:23","guid":{"rendered":"http:\/\/plazajuarez.mx\/index\/index.php\/2019\/09\/23\/manejaba-ebrio-vuelca-en-su-auto-y-salvo-la-vida\/"},"modified":"2019-09-23T12:21:23","modified_gmt":"2019-09-23T12:21:23","slug":"manejaba-ebrio-vuelca-en-su-auto-y-salvo-la-vida","status":"publish","type":"post","link":"https:\/\/plazajuarez.mx\/historico\/manejaba-ebrio-vuelca-en-su-auto-y-salvo-la-vida\/","title":{"rendered":"Manejaba ebrio, vuelca en su auto y salv\u00f3 la vida"},"content":{"rendered":"<p>EN MINERAL DE LA REFORMA <\/p>\n<p>  <!--more-->  <\/p>\n<p>El vuelco ocurri\u00f3 en el bulevar Luis Donaldo Colosio, a la altura de la colonia Las Palomas<br \/>Intensa movilizaci\u00f3n policial y de cuerpos de socorro provoc\u00f3 un accidente de tr\u00e1nsito terrestre que se registr\u00f3 la ma\u00f1ana de ayer, en el bulevar Luis Donaldo Colosio, donde dos j\u00f3venes, que viajaban en el automotor fueron auxiliados, ya que resultaron policontundidos.<br \/>El reporte detalla que fue al filo de las 08:15 horas, cuando al C5i, a trav\u00e9s del 911 de Emergencias, se report\u00f3 el accidente de un veh\u00edculo Cavalier color verde.<br \/>La alerta refer\u00eda que en el bulevar Luis Donaldo Colosio, a la altura de la colonia Las Palomas un veh\u00edculo sali\u00f3 de la cinta asf\u00e1ltica y volc\u00f3 aparatosamente y hab\u00eda dos j\u00f3venes lesionados con\u00a0 aliento et\u00edlico, por lo que era urgente la intervenci\u00f3n de socorristas y param\u00e9dicos.<br \/>El incidente se confirm\u00f3 mediante las labores de videovigilancia de la estrategia Hidalgo Seguro, por lo que al lugar acudieron elementos policiales y de socorro para brindar la atenci\u00f3n correspondiente.<br \/>Inicialmente al lugar arribaron elementos de la Polic\u00eda Municipal de Mineral de la Reforma, quienes informaron que en el lugar se localiz\u00f3 la volcadura del veh\u00edculo Cavalier, color verde, modelo 1997, con placas de circulaci\u00f3n HGP-349-B, el cual iba conducido por quien se identific\u00f3 con las iniciales A.V.H., de 21 a\u00f1os, quien viajaba acompa\u00f1ado de M.V.H., de la misma edad.<br \/>Los dos j\u00f3venes fueron valorados por param\u00e9dicos de la unidad 02 de Protecci\u00f3n Civil de Mineral de la Reforma.<\/p>\n","protected":false},"excerpt":{"rendered":"<p>EN MINERAL DE LA REFORMA<\/p>\n","protected":false},"author":93,"featured_media":0,"comment_status":"open","ping_status":"open","sticky":false,"template":"","format":"standard","meta":{"footnotes":""},"categories":[37],"tags":[],"class_list":["post-91350","post","type-post","status-publish","format-standard","hentry","category-barandilla"],"_links":{"self":[{"href":"https:\/\/plazajuarez.mx\/historico\/wp-json\/wp\/v2\/posts\/91350","targetHints":{"allow":["GET"]}}],"collection":[{"href":"https:\/\/plazajuarez.mx\/historico\/wp-json\/wp\/v2\/posts"}],"about":[{"href":"https:\/\/plazajuarez.mx\/historico\/wp-json\/wp\/v2\/types\/post"}],"author":[{"embeddable":true,"href":"https:\/\/plazajuarez.mx\/historico\/wp-json\/wp\/v2\/users\/93"}],"replies":[{"embeddable":true,"href":"https:\/\/plazajuarez.mx\/historico\/wp-json\/wp\/v2\/comments?post=91350"}],"version-history":[{"count":0,"href":"https:\/\/plazajuarez.mx\/historico\/wp-json\/wp\/v2\/posts\/91350\/revisions"}],"wp:attachment":[{"href":"https:\/\/plazajuarez.mx\/historico\/wp-json\/wp\/v2\/media?parent=91350"}],"wp:term":[{"taxonomy":"category","embeddable":true,"href":"https:\/\/plazajuarez.mx\/historico\/wp-json\/wp\/v2\/categories?post=91350"},{"taxonomy":"post_tag","embeddable":true,"href":"https:\/\/plazajuarez.mx\/historico\/wp-json\/wp\/v2\/tags?post=91350"}],"curies":[{"name":"wp","href":"https:\/\/api.w.org\/{rel}","templated":true}]}}