{"id":91349,"date":"2019-09-23T12:21:21","date_gmt":"2019-09-23T12:21:21","guid":{"rendered":"http:\/\/plazajuarez.mx\/index\/index.php\/2019\/09\/23\/delincuentes-ejecutaron-a-jefe-policiaco\/"},"modified":"2019-09-23T12:21:21","modified_gmt":"2019-09-23T12:21:21","slug":"delincuentes-ejecutaron-a-jefe-policiaco","status":"publish","type":"post","link":"https:\/\/plazajuarez.mx\/historico\/delincuentes-ejecutaron-a-jefe-policiaco\/","title":{"rendered":"Delincuentes ejecutaron a jefe policiaco"},"content":{"rendered":"<p>Archi Yama, hab\u00eda sido nombrado como jefe de mando \u00fanico, en el municipio Solidaridad<\/p>\n<p>  <!--more-->  <\/p>\n<p>En Canc\u00fan, se encontr\u00f3 el cuerpo sin vida de Jos\u00e9 Antonio Archi Yama, reci\u00e9n nombrado jefe de la polic\u00eda estatal,\u00a0 en Solidaridad.<br \/>Familiares revelaron su desaparici\u00f3n as\u00ed como la de otro agente policiaco judicial desde hace un par de meses.<br \/>Archi Yama, fue nombrado jefe de mando \u00fanico, en el municipio Solidaridad donde gobierna el partido morena. El nombramiento lo hizo Alberto Capella, Secretario Estatal de la Seguridad P\u00fablica en Quintana Roo.<br \/>Se asegur\u00f3 que Quintana Roo es el tercer estado de alta peligrosidad en el pa\u00eds, palabras contrarias a las que dijo en su tercer informe de gobierno el panista Carlos Joaqu\u00edn Gonz\u00e1lez.<br \/>Archi Yama, se dice que fue privado de su libertad la noche del martes, cuando regresaba a Canc\u00fan procedente de Solidaridad, donde labora.<br \/>En la Supermanzana 108, cerca de la avenida Jos\u00e9 L\u00f3pez Portillo, se report\u00f3 un auto abandonado que result\u00f3 ser de la polic\u00eda. Ah\u00ed parti\u00f3 la b\u00fasqueda y fue pocas horas despu\u00e9s se dio la mala noticia de que hab\u00eda sido encontrado sin vida en un paraje.<\/p>\n","protected":false},"excerpt":{"rendered":"<p>Archi Yama, hab\u00eda sido nombrado como jefe de mando \u00fanico, en el municipio Solidaridad<\/p>\n","protected":false},"author":93,"featured_media":0,"comment_status":"open","ping_status":"open","sticky":false,"template":"","format":"standard","meta":{"footnotes":""},"categories":[37],"tags":[],"class_list":["post-91349","post","type-post","status-publish","format-standard","hentry","category-barandilla"],"_links":{"self":[{"href":"https:\/\/plazajuarez.mx\/historico\/wp-json\/wp\/v2\/posts\/91349","targetHints":{"allow":["GET"]}}],"collection":[{"href":"https:\/\/plazajuarez.mx\/historico\/wp-json\/wp\/v2\/posts"}],"about":[{"href":"https:\/\/plazajuarez.mx\/historico\/wp-json\/wp\/v2\/types\/post"}],"author":[{"embeddable":true,"href":"https:\/\/plazajuarez.mx\/historico\/wp-json\/wp\/v2\/users\/93"}],"replies":[{"embeddable":true,"href":"https:\/\/plazajuarez.mx\/historico\/wp-json\/wp\/v2\/comments?post=91349"}],"version-history":[{"count":0,"href":"https:\/\/plazajuarez.mx\/historico\/wp-json\/wp\/v2\/posts\/91349\/revisions"}],"wp:attachment":[{"href":"https:\/\/plazajuarez.mx\/historico\/wp-json\/wp\/v2\/media?parent=91349"}],"wp:term":[{"taxonomy":"category","embeddable":true,"href":"https:\/\/plazajuarez.mx\/historico\/wp-json\/wp\/v2\/categories?post=91349"},{"taxonomy":"post_tag","embeddable":true,"href":"https:\/\/plazajuarez.mx\/historico\/wp-json\/wp\/v2\/tags?post=91349"}],"curies":[{"name":"wp","href":"https:\/\/api.w.org\/{rel}","templated":true}]}}