{"id":90919,"date":"2019-09-14T16:39:53","date_gmt":"2019-09-14T16:39:53","guid":{"rendered":"http:\/\/plazajuarez.mx\/index\/index.php\/2019\/09\/14\/centenario-de-la-academia-mexicana-de-la-historia\/"},"modified":"2019-09-14T16:39:53","modified_gmt":"2019-09-14T16:39:53","slug":"centenario-de-la-academia-mexicana-de-la-historia","status":"publish","type":"post","link":"https:\/\/plazajuarez.mx\/historico\/centenario-de-la-academia-mexicana-de-la-historia\/","title":{"rendered":"Centenario de la Academia Mexicana de la Historia"},"content":{"rendered":"<p>\u00a0<\/p>\n<p>Se llev\u00f3 a cabo una ceremonia conmemorativa por los a\u00f1os de la instituci\u00f3n<\/p>\n<p>  <!--more-->  <\/p>\n<p>El gobierno federal est\u00e1 mostrando m\u00e1s inter\u00e9s en la historia de M\u00e9xico, la difunde, la asume, la debate, por ello, solicit\u00f3 que se ratifique la confianza y se renueve el apoyo a la Academia Mexicana de la Historia (AHM), refiri\u00f3 el historiador Javier Garciadiego en el marco de la conmemoraci\u00f3n del centenario de su creaci\u00f3n.<br \/>Se llev\u00f3 a cabo una ceremonia conmemorativa por los a\u00f1os de la instituci\u00f3n, que cont\u00f3 con la presencia de Beatriz Guti\u00e9rrez M\u00fcller, presidenta del Consejo Honorario de Memoria Hist\u00f3rica y Cultural de M\u00e9xico; Francisco Luciano Concheiro B\u00f3rguez, subsecretario de Educaci\u00f3n Superior; y Javier Garciadiego, director de la AHM.<br \/>&#8220;Es indiscutible que el gobierno actual es el que ha mostrado m\u00e1s inter\u00e9s por nuestra historia, la asume, la debate y la difunde. Como todo cumplea\u00f1os implica un regalo, les pedimos a las autoridades educativas y culturales del pa\u00eds que nuestro regalo sea la ratificaci\u00f3n de su confianza y la renovaci\u00f3n de su apoyo. Nos lo merecemos plenamente, somos una instituci\u00f3n muy \u00fatil, ay\u00fadenos a seguir coadyuvando el mejor conocimiento de la historia de nuestro adorado M\u00e9xico&#8221;, dijo Garciadiego.<br \/>Beatriz Guti\u00e9rrez M\u00fcller, tambi\u00e9n esposa del Presidente de M\u00e9xico, indic\u00f3 que la instituci\u00f3n, aunque no tenga como misi\u00f3n la formaci\u00f3n acad\u00e9mica de nuevas generaciones de historiadores, s\u00ed contribuyen en la difusi\u00f3n del conocimiento y a\u00f1adi\u00f3 que le alegra la pluralidad que la AHM ha tomado y que el siguiente paso es la paridad y la descentralizaci\u00f3n hist\u00f3rica.<br \/>&#8220;Este est\u00e1 siendo un gobierno que le est\u00e1 prestando mucha atenci\u00f3n a la historia, as\u00ed que es la oportunidad de ustedes como expertos de tomar esa palabra al nuevo r\u00e9gimen y empezar a revisitar todos los sucesos que hemos tenido y que vamos a conmemorar en este sexenio. Son ustedes quienes pueden y deben elegir ese gran esfuerzo por valorar esos acontecimientos&#8221;, declar\u00f3 Guti\u00e9rrez.<br \/>Por su parte Garciadiego record\u00f3 que la Academia Mexicana de la Historia fue la primera asociaci\u00f3n gremial y naci\u00f3 cuando en M\u00e9xico todav\u00eda no hab\u00eda historiadores profesionales. Refiri\u00f3 que en un principio fue conformada por historiadores aficionados: abogados cultos, escritores, miembros de la jerarqu\u00eda cat\u00f3lica, funcionarios del archivo, la biblioteca, del museo, unidos por su vocaci\u00f3n hist\u00f3rica.<\/p>\n<p>\u00a0<\/p>\n<p>Garciadiego indic\u00f3 que est\u00e1 a la venta el libro &#8220;La Academia Mexicana de la Historia 100 a\u00f1os&#8221;<\/p>\n","protected":false},"excerpt":{"rendered":"<p>\u00a0 Se llev\u00f3 a cabo una ceremonia conmemorativa por los a\u00f1os de la instituci\u00f3n<\/p>\n","protected":false},"author":3,"featured_media":0,"comment_status":"open","ping_status":"open","sticky":false,"template":"","format":"standard","meta":{"footnotes":""},"categories":[41],"tags":[],"class_list":["post-90919","post","type-post","status-publish","format-standard","hentry","category-arteria-cultural"],"_links":{"self":[{"href":"https:\/\/plazajuarez.mx\/historico\/wp-json\/wp\/v2\/posts\/90919","targetHints":{"allow":["GET"]}}],"collection":[{"href":"https:\/\/plazajuarez.mx\/historico\/wp-json\/wp\/v2\/posts"}],"about":[{"href":"https:\/\/plazajuarez.mx\/historico\/wp-json\/wp\/v2\/types\/post"}],"author":[{"embeddable":true,"href":"https:\/\/plazajuarez.mx\/historico\/wp-json\/wp\/v2\/users\/3"}],"replies":[{"embeddable":true,"href":"https:\/\/plazajuarez.mx\/historico\/wp-json\/wp\/v2\/comments?post=90919"}],"version-history":[{"count":0,"href":"https:\/\/plazajuarez.mx\/historico\/wp-json\/wp\/v2\/posts\/90919\/revisions"}],"wp:attachment":[{"href":"https:\/\/plazajuarez.mx\/historico\/wp-json\/wp\/v2\/media?parent=90919"}],"wp:term":[{"taxonomy":"category","embeddable":true,"href":"https:\/\/plazajuarez.mx\/historico\/wp-json\/wp\/v2\/categories?post=90919"},{"taxonomy":"post_tag","embeddable":true,"href":"https:\/\/plazajuarez.mx\/historico\/wp-json\/wp\/v2\/tags?post=90919"}],"curies":[{"name":"wp","href":"https:\/\/api.w.org\/{rel}","templated":true}]}}