{"id":90776,"date":"2019-09-12T14:13:06","date_gmt":"2019-09-12T14:13:06","guid":{"rendered":"http:\/\/plazajuarez.mx\/index\/index.php\/2019\/09\/12\/mueren-tres-en-fatal-accidente-en-alfajayucan\/"},"modified":"2019-09-12T14:13:06","modified_gmt":"2019-09-12T14:13:06","slug":"mueren-tres-en-fatal-accidente-en-alfajayucan","status":"publish","type":"post","link":"https:\/\/plazajuarez.mx\/historico\/mueren-tres-en-fatal-accidente-en-alfajayucan\/","title":{"rendered":"Suman 4 muertos por accidente en Alfajayucan"},"content":{"rendered":"<p>Por otro lado, en la M\u00e9xico &#8211; Pachuca volc\u00f3 un autom\u00f3vil <!--more--> <\/p>\n<p><p>  Esta ma\u00f1ana ocurri\u00f3 un fatal accidente automovil\u00edstico que arroj\u00f3 saldo de cuatro personas fallecidas.<\/p>\n<p>  El choque entre un cami\u00f3n y una camioneta del DIF de Alfajayucan tuvo lugar en el municipio de Alfajayucan, lo que provoc\u00f3 la movilizaci\u00f3n de cuerpos policiales y de emergencia.<\/p>\n<p>  El terrible accidente se registr\u00f3 al filo de las 07:30 horas sobre la carretera Palmillas &#8211; Portezuelo, a la altura de la comunidad de La Vega.<\/p>\n<p>  Al C5i de Hidalgo, a trav\u00e9s del 911 de Emergencias, se report\u00f3 el accidente y fue atendido de forma inmediata por las autoridades.<\/p>\n<p>  La Cruz Roja de Ixmiquilpan confirm\u00f3 el fallecimiento de tres personas identificadas como O.R.M., de al parecer 48 a\u00f1os; J.L.G., de aproximadamente 10 a\u00f1os; una mujer que permanece en calidad de desconocida; y una persona m\u00e1s que muri\u00f3 horas m\u00e1s tarde, luego de ser ingresada a un hospital para su atenci\u00f3n m\u00e9dica.<\/p>\n<p>  Adem\u00e1s se report\u00f3 que 7 personas resultaron heridas y fueron trasladadas a hospitales de Ixmiquilpan y Pachuca para su valoraci\u00f3n. <\/p>\n<p>  Sobre los hechos, el alcalde Toribio Ram\u00edrez Mart\u00ednez, emiti\u00f3 un mensaje a trav\u00e9s de las redes. <\/p>\n<p>  <center><iframe loading=\"lazy\" src=\"https:\/\/www.facebook.com\/plugins\/video.php?href=https%3A%2F%2Fwww.facebook.com%2Fdiarioplazajuarez%2Fvideos%2F555749128505359%2F&#038;show_text=1&#038;width=261\" width=\"261\" height=\"795\" style=\"border:none;overflow:hidden\" scrolling=\"no\" frameborder=\"0\" allowTransparency=\"true\" allow=\"encrypted-media\" allowFullScreen=\"true\"><\/iframe><\/center>  Posteriormente se reuni\u00f3 con las familias de los afectados por el accidente e inform\u00f3 que el Ayuntamiento y el Gobierno del Estado apoyar\u00e1n con los gastos m\u00e9dicos.<\/p>\n<p><p><b>En la Mexico-Pachuca, a la altura de Tolcayuca, vuelca auto<\/b><\/p>\n<p>  En hechos distintos, hoy a las 07:45 horas, se registr\u00f3 un accidente de tr\u00e1nsito terrestre en la carretera Federal M\u00e9xico-Pachuca, a la altura del kil\u00f3metro 59.2, que se ubica en inmediaciones del municipio de Tolcayuca.<\/p>\n<p>  Polic\u00eda municipal y estatal atienden la contingencia que por fortuna no dej\u00f3 lesionados, s\u00f3lo se registraron p\u00e9rdidas materiales.<\/p>\n<p>  La unidad siniestrada es un veh\u00edculo Mazda 6, color vino, con placas de circulaci\u00f3n HJC-618-A.<\/p>\n<p>  Finalmente de las diligencias del accidente quedaron a cargo la Polic\u00eda Federal.<\/p>\n<p>\n","protected":false},"excerpt":{"rendered":"<p>Por otro lado, en la M\u00e9xico &#8211; Pachuca volc\u00f3 un autom\u00f3vil<\/p>\n","protected":false},"author":6,"featured_media":0,"comment_status":"open","ping_status":"open","sticky":false,"template":"","format":"standard","meta":{"footnotes":""},"categories":[37],"tags":[],"class_list":["post-90776","post","type-post","status-publish","format-standard","hentry","category-barandilla"],"_links":{"self":[{"href":"https:\/\/plazajuarez.mx\/historico\/wp-json\/wp\/v2\/posts\/90776","targetHints":{"allow":["GET"]}}],"collection":[{"href":"https:\/\/plazajuarez.mx\/historico\/wp-json\/wp\/v2\/posts"}],"about":[{"href":"https:\/\/plazajuarez.mx\/historico\/wp-json\/wp\/v2\/types\/post"}],"author":[{"embeddable":true,"href":"https:\/\/plazajuarez.mx\/historico\/wp-json\/wp\/v2\/users\/6"}],"replies":[{"embeddable":true,"href":"https:\/\/plazajuarez.mx\/historico\/wp-json\/wp\/v2\/comments?post=90776"}],"version-history":[{"count":0,"href":"https:\/\/plazajuarez.mx\/historico\/wp-json\/wp\/v2\/posts\/90776\/revisions"}],"wp:attachment":[{"href":"https:\/\/plazajuarez.mx\/historico\/wp-json\/wp\/v2\/media?parent=90776"}],"wp:term":[{"taxonomy":"category","embeddable":true,"href":"https:\/\/plazajuarez.mx\/historico\/wp-json\/wp\/v2\/categories?post=90776"},{"taxonomy":"post_tag","embeddable":true,"href":"https:\/\/plazajuarez.mx\/historico\/wp-json\/wp\/v2\/tags?post=90776"}],"curies":[{"name":"wp","href":"https:\/\/api.w.org\/{rel}","templated":true}]}}