{"id":90773,"date":"2019-09-12T12:16:44","date_gmt":"2019-09-12T12:16:44","guid":{"rendered":"http:\/\/plazajuarez.mx\/index\/index.php\/2019\/09\/12\/murio-el-fotografo-robert-frank-peregrino-de-la-lente\/"},"modified":"2019-09-12T12:16:44","modified_gmt":"2019-09-12T12:16:44","slug":"murio-el-fotografo-robert-frank-peregrino-de-la-lente","status":"publish","type":"post","link":"https:\/\/plazajuarez.mx\/historico\/murio-el-fotografo-robert-frank-peregrino-de-la-lente\/","title":{"rendered":"Muri\u00f3 el fot\u00f3grafo Robert Frank, peregrino de la lente"},"content":{"rendered":"<p>EL ARTE EST\u00c1 DE LUTO <br \/>\u00a0\u00a0 \u00a0\u2022\u00a0\u00a0 \u00a0Autor de im\u00e1genes emblem\u00e1ticas de EE.UU. durante los 50, trabaj\u00f3 en cine junto a Kerouac, Burroughs, Shepard e incluso film\u00f3 la cinta m\u00e1s controversial de los Rolling Stones\u00a0\u2028<\/p>\n<p>  <!--more-->  <\/p>\n<p>Robert Frank, uno de los fot\u00f3grafos m\u00e1s influyentes del siglo XX y figura clave en la imagen documental, muri\u00f3 a los 94 a\u00f1os de edad en Inverness, una peque\u00f1a localidad de la provincia canadiense de Nova Scotia, a los 94 a\u00f1os, inform\u00f3 Peter MacGill, de la Galer\u00eda Pace-MacGill de Nueva York.<br \/>Nacido en Z\u00farich en 1924, lleg\u00f3 a Estados Unidos con 23 a\u00f1os, donde desarroll\u00f3 gran parte de su trabajo. Antes de comenzar su vida en las rutas, fue fot\u00f3grafo de publicaciones como Harper&#8217;s Bazaar y Life, viaj\u00f3 por Europa y tambi\u00e9n por Per\u00fa, Bolivia, Brasil, Cuba y Panam\u00e1.<br \/>De esta experiencia, coment\u00f3, surgi\u00f3 su t\u00e9cnica de &#8220;ojo fr\u00edo&#8221;, que lo llevar\u00eda ya en los 50 a producir un sisma en la manera de realizar fotograf\u00eda documental: The Americans, con la que continu\u00f3 la herencia de otros fot\u00f3grafos viajeros a las profundidades del pa\u00eds del norte como Walker Evans, quien adem\u00e1s fue su maestro, o Dorothea Lange.<br \/>Los Americanos es un conjunto de im\u00e1genes en blanco y negro durante los a\u00f1os cincuenta y se public\u00f3 en 1958 en Francia. Casi una d\u00e9cada despu\u00e9s se convertir\u00eda en uno de los libros de fotograf\u00eda esenciales de la segunda mitad del siglo XX.<br \/>Con una subvenci\u00f3n de Evans, Frank recorri\u00f3 m\u00e1s de 16 mil kil\u00f3metros interminables en su Ford Coupe a lo largo de nueve meses. Captur\u00f3 as\u00ed la esencia de 30 estados en 767 carretes: 27.000 im\u00e1genes que dieron vida a una obra que le ense\u00f1\u00f3 a los a estadounidenses y al mundo entero qu\u00e9 suced\u00eda puertas adentro de ese pa\u00eds.<br \/>Despojado de un ojo rom\u00e1ntico por mantener el American Way of living, Frank revel\u00f3 la alienaci\u00f3n, la injusticia, la diferencias sociales y raciales, la soledad, y la tristeza a trav\u00e9s de un lengua que se convirti\u00f3 en propio, irrepetible, y que hizo escuela.<br \/>As\u00ed, a lo largo de su carrera realiz\u00f3 alrededor de 30 t\u00edtulos, con una visi\u00f3n de vanguardia, experimental. Como muchos otros artistas adelantados a su \u00e9poca, su obra f\u00edlmica -en su momento- no fue apreciada por la cr\u00edtica y con el tiempo sus filmes fueron piezas de culto para ser finalmente apreciadas y estudiadas.<br \/>Tambi\u00e9n trabaj\u00f3 con otros beatniks como William S. Burroughs, Allen Gingsberg e incluso el l\u00edder de The Clash, Joe Strummer, todos como actores y tambi\u00e9n con Sam Shepard como guionista.<br \/>Otro de sus trabajos imperdibles es su famosa -pero casi desconocida- Cocksukers Blues, una cinta realizada durante un tour junto a los Rolling Stones en 1972, que por sus im\u00e1genes causaron controversia con respecto al comportamiento de los m\u00fasicos.<\/p>\n","protected":false},"excerpt":{"rendered":"<p>EL ARTE EST\u00c1 DE LUTO \u00a0\u00a0 \u00a0\u2022\u00a0\u00a0 \u00a0Autor de im\u00e1genes emblem\u00e1ticas de EE.UU. durante los 50, trabaj\u00f3 en cine junto a Kerouac, Burroughs, Shepard e incluso film\u00f3 la cinta m\u00e1s controversial de los Rolling Stones\u00a0\u2028<\/p>\n","protected":false},"author":93,"featured_media":0,"comment_status":"open","ping_status":"open","sticky":false,"template":"","format":"standard","meta":{"footnotes":""},"categories":[41],"tags":[],"class_list":["post-90773","post","type-post","status-publish","format-standard","hentry","category-arteria-cultural"],"_links":{"self":[{"href":"https:\/\/plazajuarez.mx\/historico\/wp-json\/wp\/v2\/posts\/90773","targetHints":{"allow":["GET"]}}],"collection":[{"href":"https:\/\/plazajuarez.mx\/historico\/wp-json\/wp\/v2\/posts"}],"about":[{"href":"https:\/\/plazajuarez.mx\/historico\/wp-json\/wp\/v2\/types\/post"}],"author":[{"embeddable":true,"href":"https:\/\/plazajuarez.mx\/historico\/wp-json\/wp\/v2\/users\/93"}],"replies":[{"embeddable":true,"href":"https:\/\/plazajuarez.mx\/historico\/wp-json\/wp\/v2\/comments?post=90773"}],"version-history":[{"count":0,"href":"https:\/\/plazajuarez.mx\/historico\/wp-json\/wp\/v2\/posts\/90773\/revisions"}],"wp:attachment":[{"href":"https:\/\/plazajuarez.mx\/historico\/wp-json\/wp\/v2\/media?parent=90773"}],"wp:term":[{"taxonomy":"category","embeddable":true,"href":"https:\/\/plazajuarez.mx\/historico\/wp-json\/wp\/v2\/categories?post=90773"},{"taxonomy":"post_tag","embeddable":true,"href":"https:\/\/plazajuarez.mx\/historico\/wp-json\/wp\/v2\/tags?post=90773"}],"curies":[{"name":"wp","href":"https:\/\/api.w.org\/{rel}","templated":true}]}}