{"id":90571,"date":"2019-09-09T14:16:19","date_gmt":"2019-09-09T14:16:19","guid":{"rendered":"http:\/\/plazajuarez.mx\/index\/index.php\/2019\/09\/09\/choca-conductor-en-estado-etilico-en-la-calzada-5-de-mayo\/"},"modified":"2019-09-09T14:16:19","modified_gmt":"2019-09-09T14:16:19","slug":"choca-conductor-en-estado-etilico-en-la-calzada-5-de-mayo","status":"publish","type":"post","link":"https:\/\/plazajuarez.mx\/historico\/choca-conductor-en-estado-etilico-en-la-calzada-5-de-mayo\/","title":{"rendered":"Choca conductor en estado et\u00edlico, en la calzada 5 de mayo"},"content":{"rendered":"<p>Accidente <br \/>\u00a0\u00a0 \u00a0\u2022\u00a0\u00a0 \u00a0Arroj\u00f3 0.87 mg\/l en la prueba de alcoholemia, sin embargo sali\u00f3 sin herida alguna\u2028<\/p>\n<p>  <!--more-->  <\/p>\n<p>La madrugada del pasado domingo sufri\u00f3 un accidente un conductor que se encontraba bajo los influjos del alcohol, cuando conduc\u00eda sobre la calzada 5 de Mayo y bulevar Tom\u00e1s Alva Edison; por lo que fue remitido al cuartel general de Tulancingo.<\/p>\n<p>El percance se suscit\u00f3 minutos antes de las tres de la madrugada en el lugar referido, donde elementos de Tr\u00e1nsito y Seguridad P\u00fablica municipal encontraron un veh\u00edculo Fit, color rojo, sin placas, con visibles huellas de accidente.<\/p>\n<p>El conductor, de 25 a\u00f1os de edad, fue identificado como J. A. S. M., a quien le realizaron la prueba de alcoholemia con un resultado de 0.87 mg\/l; por lo cual fue llevado al cuartel general para llevar a cabo el procedimiento correspondiente por conducir bajo los influjos del alcohol. Por su parte, el veh\u00edculo fue llevado a un corral\u00f3n para su resguardo correspondiente. <\/p>\n<p><\/p>\n","protected":false},"excerpt":{"rendered":"<p>Accidente \u00a0\u00a0 \u00a0\u2022\u00a0\u00a0 \u00a0Arroj\u00f3 0.87 mg\/l en la prueba de alcoholemia, sin embargo sali\u00f3 sin herida alguna\u2028<\/p>\n","protected":false},"author":93,"featured_media":0,"comment_status":"open","ping_status":"open","sticky":false,"template":"","format":"standard","meta":{"footnotes":""},"categories":[40],"tags":[],"class_list":["post-90571","post","type-post","status-publish","format-standard","hentry","category-region"],"_links":{"self":[{"href":"https:\/\/plazajuarez.mx\/historico\/wp-json\/wp\/v2\/posts\/90571","targetHints":{"allow":["GET"]}}],"collection":[{"href":"https:\/\/plazajuarez.mx\/historico\/wp-json\/wp\/v2\/posts"}],"about":[{"href":"https:\/\/plazajuarez.mx\/historico\/wp-json\/wp\/v2\/types\/post"}],"author":[{"embeddable":true,"href":"https:\/\/plazajuarez.mx\/historico\/wp-json\/wp\/v2\/users\/93"}],"replies":[{"embeddable":true,"href":"https:\/\/plazajuarez.mx\/historico\/wp-json\/wp\/v2\/comments?post=90571"}],"version-history":[{"count":0,"href":"https:\/\/plazajuarez.mx\/historico\/wp-json\/wp\/v2\/posts\/90571\/revisions"}],"wp:attachment":[{"href":"https:\/\/plazajuarez.mx\/historico\/wp-json\/wp\/v2\/media?parent=90571"}],"wp:term":[{"taxonomy":"category","embeddable":true,"href":"https:\/\/plazajuarez.mx\/historico\/wp-json\/wp\/v2\/categories?post=90571"},{"taxonomy":"post_tag","embeddable":true,"href":"https:\/\/plazajuarez.mx\/historico\/wp-json\/wp\/v2\/tags?post=90571"}],"curies":[{"name":"wp","href":"https:\/\/api.w.org\/{rel}","templated":true}]}}