{"id":90570,"date":"2019-09-09T14:16:20","date_gmt":"2019-09-09T14:16:20","guid":{"rendered":"http:\/\/plazajuarez.mx\/index\/index.php\/2019\/09\/09\/hombre-quedo-atrapado-entre-hierros-retorcidos-se-encuentra-grave\/"},"modified":"2019-09-09T14:16:20","modified_gmt":"2019-09-09T14:16:20","slug":"hombre-quedo-atrapado-entre-hierros-retorcidos-se-encuentra-grave","status":"publish","type":"post","link":"https:\/\/plazajuarez.mx\/historico\/hombre-quedo-atrapado-entre-hierros-retorcidos-se-encuentra-grave\/","title":{"rendered":"Hombre qued\u00f3 atrapado entre hierros retorcidos; se encuentra grave"},"content":{"rendered":"<p>Un hombre qued\u00f3 prensado entre los hierros retorcidos, tras chocar, cuando circulaba sobre la carretera Tula-Tlahuelilpan a la altura del lugar conocido como El Gavillero.<\/p>\n<p>  <!--more-->  <\/p>\n<p>\u00a0<br \/>El accidente se registr\u00f3 alrededor de las ocho de la ma\u00f1ana de este domingo 8 de septiembre, seg\u00fan se inform\u00f3 debido a que la camioneta era manejada a exceso de velocidad, lo que provoc\u00f3 que el conductor perdiera el control del veh\u00edculo de marca Tornado, con placas de circulaci\u00f3n del Estado de M\u00e9xico.<br \/>\u00a0<br \/>Tras quedar el hombre de 40 a 45 a\u00f1os atrapado entre los hierros retorcidos, elementos de Protecci\u00f3n Civil y Bomberos de Tlahuelilpan, llevaron a cabo las maniobras necesarias para rescatarlo.<br \/>\u00a0<\/p>\n<p>\u00a0<\/p>\n","protected":false},"excerpt":{"rendered":"<p>Un hombre qued\u00f3 prensado entre los hierros retorcidos, tras chocar, cuando circulaba sobre la carretera Tula-Tlahuelilpan a la altura del lugar conocido como El Gavillero.<\/p>\n","protected":false},"author":93,"featured_media":0,"comment_status":"open","ping_status":"open","sticky":false,"template":"","format":"standard","meta":{"footnotes":""},"categories":[40],"tags":[],"class_list":["post-90570","post","type-post","status-publish","format-standard","hentry","category-region"],"_links":{"self":[{"href":"https:\/\/plazajuarez.mx\/historico\/wp-json\/wp\/v2\/posts\/90570","targetHints":{"allow":["GET"]}}],"collection":[{"href":"https:\/\/plazajuarez.mx\/historico\/wp-json\/wp\/v2\/posts"}],"about":[{"href":"https:\/\/plazajuarez.mx\/historico\/wp-json\/wp\/v2\/types\/post"}],"author":[{"embeddable":true,"href":"https:\/\/plazajuarez.mx\/historico\/wp-json\/wp\/v2\/users\/93"}],"replies":[{"embeddable":true,"href":"https:\/\/plazajuarez.mx\/historico\/wp-json\/wp\/v2\/comments?post=90570"}],"version-history":[{"count":0,"href":"https:\/\/plazajuarez.mx\/historico\/wp-json\/wp\/v2\/posts\/90570\/revisions"}],"wp:attachment":[{"href":"https:\/\/plazajuarez.mx\/historico\/wp-json\/wp\/v2\/media?parent=90570"}],"wp:term":[{"taxonomy":"category","embeddable":true,"href":"https:\/\/plazajuarez.mx\/historico\/wp-json\/wp\/v2\/categories?post=90570"},{"taxonomy":"post_tag","embeddable":true,"href":"https:\/\/plazajuarez.mx\/historico\/wp-json\/wp\/v2\/tags?post=90570"}],"curies":[{"name":"wp","href":"https:\/\/api.w.org\/{rel}","templated":true}]}}