{"id":90569,"date":"2019-09-09T14:16:19","date_gmt":"2019-09-09T14:16:19","guid":{"rendered":"http:\/\/plazajuarez.mx\/index\/index.php\/2019\/09\/09\/conmemoracion-del-grito-en-la-floresta\/"},"modified":"2019-09-09T14:16:19","modified_gmt":"2019-09-09T14:16:19","slug":"conmemoracion-del-grito-en-la-floresta","status":"publish","type":"post","link":"https:\/\/plazajuarez.mx\/historico\/conmemoracion-del-grito-en-la-floresta\/","title":{"rendered":"Conmemoraci\u00f3n del Grito en La Floresta"},"content":{"rendered":"<p>\u00a0 \u2022\u00a0\u00a0 \u00a0Este tipo de eventos favorecen la convivencia familiar y la cohesi\u00f3n social\u2028<\/p>\n<p>  <!--more-->  <\/p>\n<p>La ceremonia conmemorativa del grito de independencia se realizar\u00e1 un a\u00f1o m\u00e1s en La Floresta.<br \/>As\u00ed lo autoriz\u00f3 el Ayuntamiento local en sesi\u00f3n extraordinaria en donde tambi\u00e9n se confirm\u00f3 que para tal actividad ser\u00e1 utilizado el v\u00e9rtice norponiente, en el centro de la ciudad, este 15 de septiembre.<br \/>El presidente Fernando P\u00e9rez Rodr\u00edguez dijo que en los a\u00f1os de realizaci\u00f3n del grito en la floresta, se ha motivado que m\u00e1s ciudadanos asistan y que la econom\u00eda tenga dinamismo, pues se favorece el consumo adem\u00e1s de que se propicia la convivencia familiar y la cohesi\u00f3n social. En las actividades de celebraci\u00f3n del grito, tambi\u00e9n est\u00e1n considerado el control sanitario por el expendio de alimentos as\u00ed como los operativos de vialidad y presencia del \u00e1rea de protecci\u00f3n civil.<\/p>\n","protected":false},"excerpt":{"rendered":"<p>\u00a0 \u2022\u00a0\u00a0 \u00a0Este tipo de eventos favorecen la convivencia familiar y la cohesi\u00f3n social\u2028<\/p>\n","protected":false},"author":93,"featured_media":0,"comment_status":"open","ping_status":"open","sticky":false,"template":"","format":"standard","meta":{"footnotes":""},"categories":[40],"tags":[],"class_list":["post-90569","post","type-post","status-publish","format-standard","hentry","category-region"],"_links":{"self":[{"href":"https:\/\/plazajuarez.mx\/historico\/wp-json\/wp\/v2\/posts\/90569","targetHints":{"allow":["GET"]}}],"collection":[{"href":"https:\/\/plazajuarez.mx\/historico\/wp-json\/wp\/v2\/posts"}],"about":[{"href":"https:\/\/plazajuarez.mx\/historico\/wp-json\/wp\/v2\/types\/post"}],"author":[{"embeddable":true,"href":"https:\/\/plazajuarez.mx\/historico\/wp-json\/wp\/v2\/users\/93"}],"replies":[{"embeddable":true,"href":"https:\/\/plazajuarez.mx\/historico\/wp-json\/wp\/v2\/comments?post=90569"}],"version-history":[{"count":0,"href":"https:\/\/plazajuarez.mx\/historico\/wp-json\/wp\/v2\/posts\/90569\/revisions"}],"wp:attachment":[{"href":"https:\/\/plazajuarez.mx\/historico\/wp-json\/wp\/v2\/media?parent=90569"}],"wp:term":[{"taxonomy":"category","embeddable":true,"href":"https:\/\/plazajuarez.mx\/historico\/wp-json\/wp\/v2\/categories?post=90569"},{"taxonomy":"post_tag","embeddable":true,"href":"https:\/\/plazajuarez.mx\/historico\/wp-json\/wp\/v2\/tags?post=90569"}],"curies":[{"name":"wp","href":"https:\/\/api.w.org\/{rel}","templated":true}]}}