{"id":90568,"date":"2019-09-09T14:16:19","date_gmt":"2019-09-09T14:16:19","guid":{"rendered":"http:\/\/plazajuarez.mx\/index\/index.php\/2019\/09\/09\/entregan-laminas-a-afectados-por-tromba\/"},"modified":"2019-09-09T14:16:19","modified_gmt":"2019-09-09T14:16:19","slug":"entregan-laminas-a-afectados-por-tromba","status":"publish","type":"post","link":"https:\/\/plazajuarez.mx\/historico\/entregan-laminas-a-afectados-por-tromba\/","title":{"rendered":"Entregan l\u00e1minas a afectados por tromba"},"content":{"rendered":"<p>Compromiso de apoyo<br \/>\u00a0\u00a0 \u00a0\u2022\u00a0\u00a0 \u00a0Con la finalidad de que las familias afectadas puedan reparar sus techos; tambi\u00e9n entregaron materiales de construcci\u00f3n\u2028<\/p>\n<p>  <!--more-->  <\/p>\n<p>La alcaldesa Mar\u00eda Antonieta de los \u00c1ngeles Anaya, acudi\u00f3 a la comunidad de Santa Cruz, para hacer entrega de l\u00e1minas a las familias que resultaron damnificadas por el paso de la tromba que azot\u00f3 a esa localidad, con lo que cumple su palabra empe\u00f1ada de brindar ese apoyo para la reconstrucci\u00f3n de techos afectados.<br \/>En gira que realiz\u00f3 en d\u00edas pasados la Presidenta Municipal, supervis\u00f3 personalmente la entrega de l\u00e1minas de zinc a cada una de las familias que resintieron da\u00f1os en sus hogares a quienes les reiter\u00f3 su compromiso de apoyo y trabajo en favor de las personas necesitadas y en situaci\u00f3n de vulnerabilidad.<br \/>Es preciso se\u00f1alar que debido a ese fen\u00f3meno natural, en esa visita realizada por la mandataria municipal, donde se comprometi\u00f3 con los lugare\u00f1os a ayudarles con l\u00e1minas para la reconstrucci\u00f3n de los da\u00f1os que sufrieron los techos de sus hogares.<br \/>Miguel \u00c1ngel Vargas, titular de Protecci\u00f3n Civil, dijo que a los afectados se les apoy\u00f3 con la entrega de l\u00e1minas, para que arreglen sus techos y sus casas se encuentren en condiciones de poder habitarlas.<br \/>Ante el reporte de los da\u00f1os ocasionados por la ca\u00edda de intensa lluvia, la alcaldesa realiz\u00f3 un recorrido por las viviendas afectadas, para asegurarse que la ayuda fuera la apropiada a los afectados por este fen\u00f3meno natural.<br \/>Durante la gira de trabajo, la mandataria municipal dio la indicaci\u00f3n de que se les otorgar\u00e1 todas las facilidades para ayudar a las familias que sufrieron los da\u00f1os en sus viviendas y les pudiera otorgar\u00e1 l\u00e1minas para que reemplazaran el techo de sus casas.<br \/>El alcalde durante su recorrido por estas comunidades, pidi\u00f3 a los vecinos afectados, que en caso de continuar la presencia de ca\u00edda de lluvias y granizo en la zona, como lo ha pronosticado el Servicio Meteorol\u00f3gico Nacional, deber\u00e1n ser ubicadas en albergues para evitar alguna contingencia que ponga en riesgo la vida de los habitantes.<\/p>\n","protected":false},"excerpt":{"rendered":"<p>Compromiso de apoyo\u00a0\u00a0 \u00a0\u2022\u00a0\u00a0 \u00a0Con la finalidad de que las familias afectadas puedan reparar sus techos; tambi\u00e9n entregaron materiales de construcci\u00f3n\u2028<\/p>\n","protected":false},"author":93,"featured_media":0,"comment_status":"open","ping_status":"open","sticky":false,"template":"","format":"standard","meta":{"footnotes":""},"categories":[40],"tags":[],"class_list":["post-90568","post","type-post","status-publish","format-standard","hentry","category-region"],"_links":{"self":[{"href":"https:\/\/plazajuarez.mx\/historico\/wp-json\/wp\/v2\/posts\/90568","targetHints":{"allow":["GET"]}}],"collection":[{"href":"https:\/\/plazajuarez.mx\/historico\/wp-json\/wp\/v2\/posts"}],"about":[{"href":"https:\/\/plazajuarez.mx\/historico\/wp-json\/wp\/v2\/types\/post"}],"author":[{"embeddable":true,"href":"https:\/\/plazajuarez.mx\/historico\/wp-json\/wp\/v2\/users\/93"}],"replies":[{"embeddable":true,"href":"https:\/\/plazajuarez.mx\/historico\/wp-json\/wp\/v2\/comments?post=90568"}],"version-history":[{"count":0,"href":"https:\/\/plazajuarez.mx\/historico\/wp-json\/wp\/v2\/posts\/90568\/revisions"}],"wp:attachment":[{"href":"https:\/\/plazajuarez.mx\/historico\/wp-json\/wp\/v2\/media?parent=90568"}],"wp:term":[{"taxonomy":"category","embeddable":true,"href":"https:\/\/plazajuarez.mx\/historico\/wp-json\/wp\/v2\/categories?post=90568"},{"taxonomy":"post_tag","embeddable":true,"href":"https:\/\/plazajuarez.mx\/historico\/wp-json\/wp\/v2\/tags?post=90568"}],"curies":[{"name":"wp","href":"https:\/\/api.w.org\/{rel}","templated":true}]}}