{"id":90563,"date":"2019-09-09T12:02:02","date_gmt":"2019-09-09T12:02:02","guid":{"rendered":"http:\/\/plazajuarez.mx\/index\/index.php\/2019\/09\/09\/alas-para-crear-incorpora-nuevo-cereso-a-estrategia\/"},"modified":"2019-09-09T12:02:02","modified_gmt":"2019-09-09T12:02:02","slug":"alas-para-crear-incorpora-nuevo-cereso-a-estrategia","status":"publish","type":"post","link":"https:\/\/plazajuarez.mx\/historico\/alas-para-crear-incorpora-nuevo-cereso-a-estrategia\/","title":{"rendered":"Alas para Crear incorpora nuevo CERESO a estrategia"},"content":{"rendered":"<p>ANTES DE CONCLUIR 2019 <\/p>\n<p>\u201cEn el mes de octubre ya vamos a otro centro con los programas de Alas\u201d, adelant\u00f3 Daniela Hern\u00e1ndez, directora general de la asociaci\u00f3n Alas para Crear, dedicada a brindar una segunda oportunidad a mujeres y adolescentes en situaci\u00f3n de c\u00e1rcel.<\/p>\n<p>  <!--more-->  <\/p>\n<p>Lo anterior se\u00f1al\u00f3 que es resultado de un trabajo permanente, \u201cAlas no llega a un centro y luego se va, se hace una actividad y ya, Alas para Crear tiene un firme compromiso y es que si se llega a un centro de readaptaci\u00f3n ya no se suelta&#8230; al contrario, se redoblan esfuerzos creando nuevos talleres\u201d.<br \/>\u201cNo solamente es reinsertar a una mujer al mundo laboral, si bien recibe la oportunidad laboral y la ayuda psicol\u00f3gica, ella va a dar calidad de vida a sus peques y eso tambi\u00e9n permite que no se vuelva a repetir el c\u00edrculo, entonces s\u00ed nos sumamos podemos transformar\u201d.<br \/>A\u00f1adi\u00f3, \u201cen Alas para Crear, cada voluntario, tallerista e integrante, que forma o ha formado parte de la estructura de esta asociaci\u00f3n, firma un convenio de confidencialidad, el cu\u00e1l avala la protecci\u00f3n de informaci\u00f3n institucional, e identidad de sus beneficiarios\u201d.<\/p>\n","protected":false},"excerpt":{"rendered":"<p>ANTES DE CONCLUIR 2019 \u201cEn el mes de octubre ya vamos a otro centro con los programas de Alas\u201d, adelant\u00f3 Daniela Hern\u00e1ndez, directora general de la asociaci\u00f3n Alas para Crear, dedicada a brindar una segunda oportunidad a mujeres y adolescentes en situaci\u00f3n de c\u00e1rcel.<\/p>\n","protected":false},"author":93,"featured_media":0,"comment_status":"open","ping_status":"open","sticky":false,"template":"","format":"standard","meta":{"footnotes":""},"categories":[59],"tags":[],"class_list":["post-90563","post","type-post","status-publish","format-standard","hentry","category-general"],"_links":{"self":[{"href":"https:\/\/plazajuarez.mx\/historico\/wp-json\/wp\/v2\/posts\/90563","targetHints":{"allow":["GET"]}}],"collection":[{"href":"https:\/\/plazajuarez.mx\/historico\/wp-json\/wp\/v2\/posts"}],"about":[{"href":"https:\/\/plazajuarez.mx\/historico\/wp-json\/wp\/v2\/types\/post"}],"author":[{"embeddable":true,"href":"https:\/\/plazajuarez.mx\/historico\/wp-json\/wp\/v2\/users\/93"}],"replies":[{"embeddable":true,"href":"https:\/\/plazajuarez.mx\/historico\/wp-json\/wp\/v2\/comments?post=90563"}],"version-history":[{"count":0,"href":"https:\/\/plazajuarez.mx\/historico\/wp-json\/wp\/v2\/posts\/90563\/revisions"}],"wp:attachment":[{"href":"https:\/\/plazajuarez.mx\/historico\/wp-json\/wp\/v2\/media?parent=90563"}],"wp:term":[{"taxonomy":"category","embeddable":true,"href":"https:\/\/plazajuarez.mx\/historico\/wp-json\/wp\/v2\/categories?post=90563"},{"taxonomy":"post_tag","embeddable":true,"href":"https:\/\/plazajuarez.mx\/historico\/wp-json\/wp\/v2\/tags?post=90563"}],"curies":[{"name":"wp","href":"https:\/\/api.w.org\/{rel}","templated":true}]}}