{"id":90562,"date":"2019-09-09T12:02:02","date_gmt":"2019-09-09T12:02:02","guid":{"rendered":"http:\/\/plazajuarez.mx\/index\/index.php\/2019\/09\/09\/los-candidatos\/"},"modified":"2019-09-09T12:02:02","modified_gmt":"2019-09-09T12:02:02","slug":"los-candidatos","status":"publish","type":"post","link":"https:\/\/plazajuarez.mx\/historico\/los-candidatos\/","title":{"rendered":"LOS CANDIDATOS"},"content":{"rendered":"<p>ALFIL NEGRO<br \/>\u00a0\u00a0 \u00a0\u2022\u00a0\u00a0 \u00a0La oposici\u00f3n contra los Sosistas es fuerte en Morena en general acentuada en el Congreso\u2028<br \/>\u00a0<\/p>\n<p>  <!--more-->  <\/p>\n<p>Para la elecci\u00f3n del 7 de junio del 2020 en que elegiremos a nuevos 84 Presidentes Municipales, con la participaci\u00f3n de 11 partidos pol\u00edticos, que si postulan candidatos cada uno de ellos tendr\u00edamos en las boletas un total de 924 candidatos, que seguramente no suceder\u00e1 por las coaliciones que pudieran darse tienen como reto inicial la elecci\u00f3n de sus candidatos para ir a la pelea electoral con signos de victoria.<br \/>Otro elemento importante es que con toda seguridad la elecci\u00f3n se regir\u00e1 por un C\u00f3digo Electoral reformado en casi 20 puntos, pero que signific\u00f3 para el Grupo Universidad un golpe seco, pues pretend\u00eda disminuir el porcentaje para postular candidatos independientes, lo que tiene una lectura obvia en el entendido de que Morena le va a cerrar la puerta a Gerardo para despacharse a su gusto las candidaturas como hizo con la de diputados. <br \/>La oposici\u00f3n contra los Sosistas es fuerte en Morena en general acentuada en el Congreso donde por lo menos 7 diputados morenos de verdad ya no los pelan.<br \/>Ante esta situaci\u00f3n los diputados de Sosa pretendieron cambiar la ley para beneficiar a su Grupo y darle todas las facilidades para poder postular como independientes a sus gallos.<br \/>Diputados como Osmind Guerrero, echaron abajo el agandalle con el enojo por no cumplirle al jefe de Roxana Montealegre que pretendi\u00f3 da\u00f1ar pol\u00edticamente a quienes frenaron este asalto Sosista.<br \/>Desde luego no va a pasar nada y queda demostrado lo improvisados que son los diputados garza, que ya sin mayor\u00eda no saben qu\u00e9 hacer y siguen pensando que todav\u00eda son se\u00f1ores de horca y cuchillo, cuando no son m\u00e1s que una caricatura.<br \/>Pero dec\u00edamos que la bronca de los partidos es ahora la elecci\u00f3n de sus candidatos ,en que el C\u00f3digo Electoral, m\u00e1s parece un laberinto de trampas qu\u00e9 instrumento a favor de la democracia, porque privilegia una serie de cosas\u00a0 por encima de la capacidad de los aspirantes con las consecuencias previsibles.<br \/>Quienes pueden tener problemas en la elecci\u00f3n de sus candidaturas est\u00e1 Morena por los ambiciosos que buscar\u00e1n competir con esa camiseta, por lo que significa electoralmente. <br \/>Van a ser muchos los ex priista, y ex de todos\u00a0 los partidos que exigir\u00e1n candidaturas por todos los medios. Entre ellos los garzas que se sienten due\u00f1os del partido aunque ya oyen pasos en la azotea.<br \/>Se ve sin embargo que los morenos de verdad ya est\u00e1n en la pelea por su partido y m\u00e1s de un ambicioso se va a topar con pared.<br \/>El PRI no la tiene f\u00e1cil. Son muchos los grupos que tienen la idea de ser poderosos y que mandan y ni se diga de personajes en el mismo sentido, no olvidar a priista resentidos y dolidos por no tener hueso y que buscar\u00e1n da\u00f1ar a su partido como venganza y revancha. Eso en lo que se debe considerar tradicional y falta que el PRI nacional no se convierta en el problema principal por la idea de querer manejar la elecci\u00f3n de los candidatos.<br \/>A favor el partido tricolor tiene el excelente papel del gobernador Fayad que es una base muy fuerte.<br \/>El PAN tampoco la tiene\u00a0 sencillo y ser\u00e1 un rompecabezas armar su equipo.<br \/>Una cosa parece cierta, ya no son los d\u00edas de Morena como en la elecci\u00f3n pasada.<br \/>La pelea se va a poner buena, y Julio Valera tendr\u00e1 el escenario para mostrar lo que ya se dice de \u00e9l en el sentido de buen pol\u00edtico.<br \/>El 15 de diciembre arranca formalmente el proceso con un nuevo C\u00f3digo Electoral que debe estar listo a m\u00e1s tardar el 15 de este mes, 90 d\u00edas\u00a0 antes de que esto comience.<br \/>Veremos&#8230;<br \/>No se olvide: Baptista se debe ir para cumplir con lo pactado. Su papel ha sido fatal para todos\u00a0 en su af\u00e1n de servidor de Sosa. Si ten\u00eda capital todo lo ech\u00f3 a la basura. No hay por donde hagan una m\u00e1s de sus jugarretas. Pero la necedad provoca verdaderas tonteras.<\/p>\n<p><\/p>\n","protected":false},"excerpt":{"rendered":"<p>ALFIL NEGRO\u00a0\u00a0 \u00a0\u2022\u00a0\u00a0 \u00a0La oposici\u00f3n contra los Sosistas es fuerte en Morena en general acentuada en el Congreso\u2028\u00a0<\/p>\n","protected":false},"author":93,"featured_media":0,"comment_status":"open","ping_status":"open","sticky":false,"template":"","format":"standard","meta":{"footnotes":""},"categories":[42],"tags":[],"class_list":["post-90562","post","type-post","status-publish","format-standard","hentry","category-nuestrapalabra"],"_links":{"self":[{"href":"https:\/\/plazajuarez.mx\/historico\/wp-json\/wp\/v2\/posts\/90562","targetHints":{"allow":["GET"]}}],"collection":[{"href":"https:\/\/plazajuarez.mx\/historico\/wp-json\/wp\/v2\/posts"}],"about":[{"href":"https:\/\/plazajuarez.mx\/historico\/wp-json\/wp\/v2\/types\/post"}],"author":[{"embeddable":true,"href":"https:\/\/plazajuarez.mx\/historico\/wp-json\/wp\/v2\/users\/93"}],"replies":[{"embeddable":true,"href":"https:\/\/plazajuarez.mx\/historico\/wp-json\/wp\/v2\/comments?post=90562"}],"version-history":[{"count":0,"href":"https:\/\/plazajuarez.mx\/historico\/wp-json\/wp\/v2\/posts\/90562\/revisions"}],"wp:attachment":[{"href":"https:\/\/plazajuarez.mx\/historico\/wp-json\/wp\/v2\/media?parent=90562"}],"wp:term":[{"taxonomy":"category","embeddable":true,"href":"https:\/\/plazajuarez.mx\/historico\/wp-json\/wp\/v2\/categories?post=90562"},{"taxonomy":"post_tag","embeddable":true,"href":"https:\/\/plazajuarez.mx\/historico\/wp-json\/wp\/v2\/tags?post=90562"}],"curies":[{"name":"wp","href":"https:\/\/api.w.org\/{rel}","templated":true}]}}