{"id":90557,"date":"2019-09-08T22:23:59","date_gmt":"2019-09-08T22:23:59","guid":{"rendered":"http:\/\/plazajuarez.mx\/index\/index.php\/2019\/09\/08\/en-tula-una-menor-de-13-anos-se-quito-la-vida\/"},"modified":"2019-09-08T22:23:59","modified_gmt":"2019-09-08T22:23:59","slug":"en-tula-una-menor-de-13-anos-se-quito-la-vida","status":"publish","type":"post","link":"https:\/\/plazajuarez.mx\/historico\/en-tula-una-menor-de-13-anos-se-quito-la-vida\/","title":{"rendered":"En Tula una menor de 13 a\u00f1os se quit\u00f3 la vida"},"content":{"rendered":"<p>\u00a0Se desconoce el motivo del suicidio.<\/p>\n<p>  <!--more-->  <\/p>\n<p>Se report\u00f3 a la Polic\u00eda Municipal que en la calle\u00a0 Benito Ju\u00e1rez una menor de edad se\u00a0 quit\u00f3 la vida colg\u00e1ndose de un lazo, por lo que se dio parte a los param\u00e9dicos de la Cruz Roja , quienes al llegar para prestarle los primeros auxilios, la menor ya no presentaba signos vitales.<\/p>\n<p>\u00a0<\/p>\n<p>Al llegar los param\u00e9dicos encontraron a la menor de 13 a\u00f1os identificada\u00a0 como B.A.R. en los\u00a0 brazos de su mam\u00e1.<\/p>\n<p>\u00a0<\/p>\n<p>Se inform\u00f3 que quien encontr\u00f3 a la menor colgada en su recamara, de la base de una televisi\u00f3n, con un lazo, fue su padre y con la ayuda de otros familiares la bajaron para reanimarla.<\/p>\n<p>\u00a0<\/p>\n<p>Se desconoce el motivo del suicidio.<\/p>\n","protected":false},"excerpt":{"rendered":"<p>\u00a0Se desconoce el motivo del suicidio.<\/p>\n","protected":false},"author":1,"featured_media":0,"comment_status":"open","ping_status":"open","sticky":false,"template":"","format":"standard","meta":{"footnotes":""},"categories":[40],"tags":[],"class_list":["post-90557","post","type-post","status-publish","format-standard","hentry","category-region"],"_links":{"self":[{"href":"https:\/\/plazajuarez.mx\/historico\/wp-json\/wp\/v2\/posts\/90557","targetHints":{"allow":["GET"]}}],"collection":[{"href":"https:\/\/plazajuarez.mx\/historico\/wp-json\/wp\/v2\/posts"}],"about":[{"href":"https:\/\/plazajuarez.mx\/historico\/wp-json\/wp\/v2\/types\/post"}],"author":[{"embeddable":true,"href":"https:\/\/plazajuarez.mx\/historico\/wp-json\/wp\/v2\/users\/1"}],"replies":[{"embeddable":true,"href":"https:\/\/plazajuarez.mx\/historico\/wp-json\/wp\/v2\/comments?post=90557"}],"version-history":[{"count":0,"href":"https:\/\/plazajuarez.mx\/historico\/wp-json\/wp\/v2\/posts\/90557\/revisions"}],"wp:attachment":[{"href":"https:\/\/plazajuarez.mx\/historico\/wp-json\/wp\/v2\/media?parent=90557"}],"wp:term":[{"taxonomy":"category","embeddable":true,"href":"https:\/\/plazajuarez.mx\/historico\/wp-json\/wp\/v2\/categories?post=90557"},{"taxonomy":"post_tag","embeddable":true,"href":"https:\/\/plazajuarez.mx\/historico\/wp-json\/wp\/v2\/tags?post=90557"}],"curies":[{"name":"wp","href":"https:\/\/api.w.org\/{rel}","templated":true}]}}