{"id":895,"date":"2015-02-15T06:00:00","date_gmt":"2015-02-15T06:00:00","guid":{"rendered":"http:\/\/plazajuarez.mx\/index\/index.php\/2015\/02\/15\/tiroteo-en-un-debate-musulman-en-dinamarca\/"},"modified":"2015-02-15T06:00:00","modified_gmt":"2015-02-15T06:00:00","slug":"tiroteo-en-un-debate-musulman-en-dinamarca","status":"publish","type":"post","link":"https:\/\/plazajuarez.mx\/historico\/tiroteo-en-un-debate-musulman-en-dinamarca\/","title":{"rendered":"Tiroteo en un debate musulm\u00e1n en Dinamarca"},"content":{"rendered":"<ul>\n<li style=\"text-align: justify;\"><span style=\"font-size: 10pt; color: #000000;\"><strong>Hay tres polic\u00edas heridos en el ataque a un centro cultural, en el que hablaba un dibujante amenazado por el yihadismo<\/strong><\/span><\/li>\n<\/ul>\n<p style=\"text-align: justify;\"><span style=\"font-size: 10pt; color: #000000;\">Copenhague.- Una persona muri\u00f3 y al menos tres resultaron heridas ayer en un tiroteo en Copenhague durante una conferencia sobre la libertad de expresi\u00f3n y la blasfemia. En el debate, que se celebraba en un caf\u00e9-centro cultural, participaban el historiador y caricaturista sueco, Lars Vilks, y el embajador de Francia en Dinamarca, Fran\u00e7ois Zimeray. Ambos est\u00e1n ilesos.<\/span><\/p>\n<p>  <!--more-->  <\/p>\n<p style=\"text-align: justify;\">\u00a0<\/p>\n<p style=\"text-align: justify;\"><span style=\"font-size: 10pt; color: #000000;\">Vilks se hizo famoso por retratar a Mahoma como un perro en 2007. Desde entonces hab\u00eda recibido multitud de amenazas de muerte y viv\u00eda con protecci\u00f3n. En 2010, la polic\u00eda de Irlanda detuvo a siete personas sospechosas de planear el asesinato del artista, de 68 a\u00f1os. La primera ministra danesa, Helle Thorning-Schmidt, calific\u00f3 lo ocurrido como &#8220;acto terrorista&#8221;.<\/span><\/p>\n<p style=\"text-align: justify;\"><span style=\"font-size: 10pt; color: #000000;\">Las autoridades a\u00fan no han dado a conocer la identidad del fallecido, un civil de unos 40 a\u00f1os. De los tres heridos uno es polic\u00eda y los otros dos agentes del servicio de seguridad dan\u00e9s (PET), que proteg\u00edan el exterior de Krudtt\u00f8nden, el centro cultural al norte de la ciudad donde se celebraba el debate, titulado El arte, la blasfemia y la libertad de expresi\u00f3n y organizado por el Lars Vilks Comite. Las fuerzas de seguridad danesas buscan a dos personas responsables del ataque que, seg\u00fan las informaciones citadas por la prensa local, han huido en un coche oscuro. Al parecer, los dos asaltantes dispararon entre 20 y 40 tiros con armas autom\u00e1ticas contra el caf\u00e9-centro cultural antes de huir en un coche. Las autoridades buscan a dos hombres, uno de ellos de entre 25 y 30 a\u00f1os, con pa\u00f1uelo palestino amarillo, naranja y rojo. Creen que podr\u00edan haber escapado por el puente Oresund, que lleva a Suecia. La polic\u00eda sueca colabora con la danesa en la investigaci\u00f3n del ataque. (Agencias)<\/span><\/p>\n","protected":false},"excerpt":{"rendered":"<p>Hay tres polic\u00edas heridos en el ataque a un centro cultural, en el que hablaba un dibujante amenazado por el yihadismo Copenhague.- Una persona muri\u00f3 y al menos tres resultaron heridas ayer en un tiroteo en Copenhague durante una conferencia sobre la libertad de expresi\u00f3n y la blasfemia. En el debate, que se celebraba en [&hellip;]<\/p>\n","protected":false},"author":93,"featured_media":0,"comment_status":"open","ping_status":"open","sticky":false,"template":"","format":"standard","meta":{"footnotes":""},"categories":[31],"tags":[],"class_list":["post-895","post","type-post","status-publish","format-standard","hentry","category-orbe"],"_links":{"self":[{"href":"https:\/\/plazajuarez.mx\/historico\/wp-json\/wp\/v2\/posts\/895","targetHints":{"allow":["GET"]}}],"collection":[{"href":"https:\/\/plazajuarez.mx\/historico\/wp-json\/wp\/v2\/posts"}],"about":[{"href":"https:\/\/plazajuarez.mx\/historico\/wp-json\/wp\/v2\/types\/post"}],"author":[{"embeddable":true,"href":"https:\/\/plazajuarez.mx\/historico\/wp-json\/wp\/v2\/users\/93"}],"replies":[{"embeddable":true,"href":"https:\/\/plazajuarez.mx\/historico\/wp-json\/wp\/v2\/comments?post=895"}],"version-history":[{"count":0,"href":"https:\/\/plazajuarez.mx\/historico\/wp-json\/wp\/v2\/posts\/895\/revisions"}],"wp:attachment":[{"href":"https:\/\/plazajuarez.mx\/historico\/wp-json\/wp\/v2\/media?parent=895"}],"wp:term":[{"taxonomy":"category","embeddable":true,"href":"https:\/\/plazajuarez.mx\/historico\/wp-json\/wp\/v2\/categories?post=895"},{"taxonomy":"post_tag","embeddable":true,"href":"https:\/\/plazajuarez.mx\/historico\/wp-json\/wp\/v2\/tags?post=895"}],"curies":[{"name":"wp","href":"https:\/\/api.w.org\/{rel}","templated":true}]}}