{"id":894,"date":"2015-02-15T06:00:00","date_gmt":"2015-02-15T06:00:00","guid":{"rendered":"http:\/\/plazajuarez.mx\/index\/index.php\/2015\/02\/15\/un-ataque-con-el-sello-del-atentado-contra-charlie-hebdo-en-paris\/"},"modified":"2015-02-15T06:00:00","modified_gmt":"2015-02-15T06:00:00","slug":"un-ataque-con-el-sello-del-atentado-contra-charlie-hebdo-en-paris","status":"publish","type":"post","link":"https:\/\/plazajuarez.mx\/historico\/un-ataque-con-el-sello-del-atentado-contra-charlie-hebdo-en-paris\/","title":{"rendered":"Un ataque con el sello del atentado contra \u2018Charlie Hebdo\u2019 en Par\u00eds"},"content":{"rendered":"<ul>\n<li style=\"text-align: justify;\"><span style=\"font-size: 10pt; color: #000000;\"><strong>La agresi\u00f3n armada de Copenhague se produce cinco semanas despu\u00e9s de la registrada en la capital francesa<\/strong><\/span><\/li>\n<\/ul>\n<p style=\"text-align: justify;\"><span style=\"font-size: 10pt; color: #000000;\">Par\u00eds.- El ataque terrorista en Copenhague lleva el mismo sello que el atentado yihadista ocurrido en Par\u00eds contra la revista sat\u00edrica Charlie Hebdo hace cinco semanas. Como denominador com\u00fan, ambas agresiones armadas han tenido como objetivos a dibujantes que han realizado caricaturas de Mahoma, un hecho que los islamistas radicales consideran una blasfemia y un grave insulto a la religi\u00f3n musulmana.<\/span><\/p>\n<p>  <!--more-->  <\/p>\n<p style=\"text-align: justify;\">\u00a0<\/p>\n<p style=\"text-align: justify;\"><span style=\"font-size: 10pt; color: #000000;\">El pasado 7 de enero, dos extremistas musulmanes, los hermanos Sa\u00efd y Ch\u00e9rif Kouachi, de 32 y 30 a\u00f1os, penetraron en la sede de la revista sat\u00edrica francesa y asesinaron a sangre fr\u00eda a 12 personas, entre ellas ocho dibujantes y periodistas del semanario.<\/span><\/p>\n<p style=\"text-align: justify;\"><span style=\"font-size: 10pt; color: #000000;\">Francia qued\u00f3 conmocionada por el brutal ataque contra uno de los valores fundamentales de la Rep\u00fablica, la libertad de expresi\u00f3n. Dos d\u00edas despu\u00e9s, los hermanos Kouachi fueron abatidos por la polic\u00eda en una imprenta de Dammartin, a unos 30 kil\u00f3metros al norte de Par\u00eds, en la que se hab\u00edan refugiado tras ser localizados por la polic\u00eda.<\/span><\/p>\n<p style=\"text-align: justify;\"><span style=\"font-size: 10pt; color: #000000;\">Charlie Hebdo estaba amenazada desde que en febrero de 2006 public\u00f3 unas caricaturas de Mahoma. En solidaridad con la revista danesa Jyllands-Posten, amenazada igualmente por haber publicado dibujos del profeta, Charlie Hebdo incluy\u00f3 en sus p\u00e1ginas los dise\u00f1os de sus colegas daneses. En 2011, la sede de la revista francesa fue atacada con c\u00f3cteles molotov por unos desconocidos. La redacci\u00f3n se traslad\u00f3 entonces al diario Liberation, al igual que han hecho ahora tras la matanza del 7 de enero.<\/span><\/p>\n<p style=\"text-align: justify;\"><span style=\"font-size: 10pt; color: #000000;\">La multitudinaria reacci\u00f3n en Francia y en el resto del mundo contra al ataque a Charlie Hebdo se concret\u00f3 en la gran manifestaci\u00f3n registrada en Par\u00eds y varias ciudades del pa\u00eds el 11 de enero. Casi cuatro millones de personas salieron a calle. En la capital francesa, medio centenar de jefes de Estado y de Gobierno participaron en la protesta, que convirti\u00f3 a Par\u00eds en la capital mundial contra el terror. Tras el atentado, Charlie Hebdo ha vendido ya ocho millones de ejemplares del n\u00famero especial realizado tras la matanza. El siguiente n\u00famero saldr\u00e1 a la calle el pr\u00f3ximo d\u00eda 25.\u00a0 (Agencias)<\/span><\/p>\n<p style=\"text-align: justify;\"><span style=\"font-size: 10pt; color: #000000;\">Cristina Fern\u00e1ndez parti\u00f3 el viernes de Buenos Aires con destino a El Calafate, su lugar habitual de retiro, donde permanecer\u00e1 al menos hasta el 19 de febrero, d\u00eda de su cumplea\u00f1os. (Agencias)<\/span><\/p>\n","protected":false},"excerpt":{"rendered":"<p>La agresi\u00f3n armada de Copenhague se produce cinco semanas despu\u00e9s de la registrada en la capital francesa Par\u00eds.- El ataque terrorista en Copenhague lleva el mismo sello que el atentado yihadista ocurrido en Par\u00eds contra la revista sat\u00edrica Charlie Hebdo hace cinco semanas. Como denominador com\u00fan, ambas agresiones armadas han tenido como objetivos a dibujantes [&hellip;]<\/p>\n","protected":false},"author":93,"featured_media":0,"comment_status":"open","ping_status":"open","sticky":false,"template":"","format":"standard","meta":{"footnotes":""},"categories":[31],"tags":[],"class_list":["post-894","post","type-post","status-publish","format-standard","hentry","category-orbe"],"_links":{"self":[{"href":"https:\/\/plazajuarez.mx\/historico\/wp-json\/wp\/v2\/posts\/894","targetHints":{"allow":["GET"]}}],"collection":[{"href":"https:\/\/plazajuarez.mx\/historico\/wp-json\/wp\/v2\/posts"}],"about":[{"href":"https:\/\/plazajuarez.mx\/historico\/wp-json\/wp\/v2\/types\/post"}],"author":[{"embeddable":true,"href":"https:\/\/plazajuarez.mx\/historico\/wp-json\/wp\/v2\/users\/93"}],"replies":[{"embeddable":true,"href":"https:\/\/plazajuarez.mx\/historico\/wp-json\/wp\/v2\/comments?post=894"}],"version-history":[{"count":0,"href":"https:\/\/plazajuarez.mx\/historico\/wp-json\/wp\/v2\/posts\/894\/revisions"}],"wp:attachment":[{"href":"https:\/\/plazajuarez.mx\/historico\/wp-json\/wp\/v2\/media?parent=894"}],"wp:term":[{"taxonomy":"category","embeddable":true,"href":"https:\/\/plazajuarez.mx\/historico\/wp-json\/wp\/v2\/categories?post=894"},{"taxonomy":"post_tag","embeddable":true,"href":"https:\/\/plazajuarez.mx\/historico\/wp-json\/wp\/v2\/tags?post=894"}],"curies":[{"name":"wp","href":"https:\/\/api.w.org\/{rel}","templated":true}]}}