{"id":8887,"date":"2015-08-03T05:00:00","date_gmt":"2015-08-03T05:00:00","guid":{"rendered":"http:\/\/plazajuarez.mx\/index\/index.php\/2015\/08\/03\/recuperan-memorias-historicas-del-municipio-con-400-imagenes\/"},"modified":"2015-08-03T05:00:00","modified_gmt":"2015-08-03T05:00:00","slug":"recuperan-memorias-historicas-del-municipio-con-400-imagenes","status":"publish","type":"post","link":"https:\/\/plazajuarez.mx\/historico\/recuperan-memorias-historicas-del-municipio-con-400-imagenes\/","title":{"rendered":"Recuperan memorias hist\u00f3ricas  del municipio con 400 im\u00e1genes"},"content":{"rendered":"<p>TLAXCOAPAN<\/p>\n<p>* Rub\u00e9n Cer\u00f3n San Nicol\u00e1s y H\u00e9ctor M\u00e9ndez recopilaron graficas hist\u00f3ricas, algunas de ellas datan del a\u00f1o de 1900, las cuales se expondr\u00e1n en la Plaza Ju\u00e1rez en el centro del municipio<\/p>\n<p>  <!--more-->  <\/p>\n<p>\u00a0<\/p>\n<p>Con la exposici\u00f3n de m\u00e1s de 400 im\u00e1genes, entre ellas algunas que destacan por datar desde el a\u00f1o 1900, Rub\u00e9n Cer\u00f3n San Nicol\u00e1s y H\u00e9ctor M\u00e9ndez, tras la recopilaci\u00f3n de gr\u00e1ficas, buscan recuperar la memoria hist\u00f3rica del municipio de Tlaxcoapan.<\/p>\n<p>La exposici\u00f3n fotogr\u00e1fica denominada \u201c50 A\u00f1os de Recuerdos\u201d, fue montada en un domicilio particular de la Plaza Ju\u00e1rez en el centro del municipio, la cual tendr\u00e1 un horario de atenci\u00f3n de lunes a s\u00e1bados de 10:00 a 14:00 y de 16:00 a 20:00 horas y el acceso es totalmente gratuito.<\/p>\n<p>Durante la inauguraci\u00f3n se precis\u00f3 que el nombre de \u201c50 A\u00f1os de Recuerdos\u201d se deriv\u00f3 por el pr\u00f3ximo festejo de la escuela secundaria Benito Ju\u00e1rez, siendo esta la primera instituci\u00f3n educativa del Municipio en ese nivel, por lo que se dedic\u00f3 una sala con im\u00e1genes de sus alumnos, profesores y eventos importantes desarrollados a lo largo de este tiempo.<\/p>\n<p>Rub\u00e9n Cer\u00f3n San Nicol\u00e1s coment\u00f3 que lograron recolectar las fotograf\u00edas con el apoyo de algunos ciudadanos, quienes a lo largo de los a\u00f1os las hab\u00edan conservado y ellos no dudaron compartir una copia con la ciudadan\u00eda.<\/p>\n<p>Dijo que adem\u00e1s varias im\u00e1genes relatan los cambios que ha sufrido el recinto de la Presidencia Municipal, as\u00ed como la tradicional celebraci\u00f3n de la Procesi\u00f3n y Vigilia de las Espigas, adem\u00e1s de lugares emblem\u00e1ticos del municipio, tales como casas, negocios, los primeros autos de transporte p\u00fablico y algunos eventos familiares.<\/p>\n<p>Por su parte, el edil Miguel \u00c1ngel L\u00f3pez Hern\u00e1ndez reconoci\u00f3 la iniciativa de los ciudadanos y reiter\u00f3 su apoyo por seguir impulsando la cultura en el municipio, a trav\u00e9s de la creaci\u00f3n de la Orquesta Sinf\u00f3nica Municipal y la Compa\u00f1\u00eda de Teatro Itinerante, proyectos que dijo forman nuevas ideolog\u00edas con valores y sentimientos y con los que se revoluciona la cultura, y que se complementan con revivir las ra\u00edces de Tlaxcoapan.<\/p>\n<p>Los organizadores invitaron a la ciudadan\u00eda a sumar esfuerzos, por el bien de la cultura, en busca de fortalecer la identidad e historia de Tlaxcoapan.<\/p>\n","protected":false},"excerpt":{"rendered":"<p>TLAXCOAPAN * Rub\u00e9n Cer\u00f3n San Nicol\u00e1s y H\u00e9ctor M\u00e9ndez recopilaron graficas hist\u00f3ricas, algunas de ellas datan del a\u00f1o de 1900, las cuales se expondr\u00e1n en la Plaza Ju\u00e1rez en el centro del municipio<\/p>\n","protected":false},"author":93,"featured_media":0,"comment_status":"open","ping_status":"open","sticky":false,"template":"","format":"standard","meta":{"footnotes":""},"categories":[40],"tags":[],"class_list":["post-8887","post","type-post","status-publish","format-standard","hentry","category-region"],"_links":{"self":[{"href":"https:\/\/plazajuarez.mx\/historico\/wp-json\/wp\/v2\/posts\/8887","targetHints":{"allow":["GET"]}}],"collection":[{"href":"https:\/\/plazajuarez.mx\/historico\/wp-json\/wp\/v2\/posts"}],"about":[{"href":"https:\/\/plazajuarez.mx\/historico\/wp-json\/wp\/v2\/types\/post"}],"author":[{"embeddable":true,"href":"https:\/\/plazajuarez.mx\/historico\/wp-json\/wp\/v2\/users\/93"}],"replies":[{"embeddable":true,"href":"https:\/\/plazajuarez.mx\/historico\/wp-json\/wp\/v2\/comments?post=8887"}],"version-history":[{"count":0,"href":"https:\/\/plazajuarez.mx\/historico\/wp-json\/wp\/v2\/posts\/8887\/revisions"}],"wp:attachment":[{"href":"https:\/\/plazajuarez.mx\/historico\/wp-json\/wp\/v2\/media?parent=8887"}],"wp:term":[{"taxonomy":"category","embeddable":true,"href":"https:\/\/plazajuarez.mx\/historico\/wp-json\/wp\/v2\/categories?post=8887"},{"taxonomy":"post_tag","embeddable":true,"href":"https:\/\/plazajuarez.mx\/historico\/wp-json\/wp\/v2\/tags?post=8887"}],"curies":[{"name":"wp","href":"https:\/\/api.w.org\/{rel}","templated":true}]}}