{"id":8886,"date":"2015-08-03T05:00:00","date_gmt":"2015-08-03T05:00:00","guid":{"rendered":"http:\/\/plazajuarez.mx\/index\/index.php\/2015\/08\/03\/visitan-mas-de-63-mil-personas-la-feria-tulancingo-2015\/"},"modified":"2015-08-03T05:00:00","modified_gmt":"2015-08-03T05:00:00","slug":"visitan-mas-de-63-mil-personas-la-feria-tulancingo-2015","status":"publish","type":"post","link":"https:\/\/plazajuarez.mx\/historico\/visitan-mas-de-63-mil-personas-la-feria-tulancingo-2015\/","title":{"rendered":"Visitan m\u00e1s de 63 mil personas la Feria Tulancingo 2015"},"content":{"rendered":"<p>TULANCINGO<\/p>\n<p>* Los d\u00edas de mayor afluencia fueron el domingo 26 y martes 28 de julio, reporta el municipio y resalta que esta feria sigue siendo una tradici\u00f3n que une a los tulansinguenses<\/p>\n<p>  <!--more-->  <\/p>\n<p>\u00a0<\/p>\n<p>A una semana de su inauguraci\u00f3n, la Expo Feria Tulancingo 2015 \u201cTradici\u00f3n que nos une\u201d, ya registra m\u00e1s de 63 mil visitantes y a\u00fan restan 16 d\u00edas de celebraci\u00f3n, as\u00ed lo report\u00f3 el Comit\u00e9 Municipal de eventos y ferias del municipio.<\/p>\n<p>\u00a0<\/p>\n<p>A trav\u00e9s de un comunicado, el comit\u00e9 inform\u00f3 que se fij\u00f3 una expectativa de afluencia de 350 mil visitantes, misma que conf\u00edan alcanzar, en virtud de los amplios atractivos que este a\u00f1o visten a la m\u00e1xima fiesta de los tulancinguenses.<\/p>\n<p>\u00a0<\/p>\n<p>Asimismo, dio a conocer que los d\u00edas registrados con mayor afluencia al recinto ferial fueron: el domingo 26 y el martes 28 de julio, del presente a\u00f1o.<\/p>\n<p>\u00a0<\/p>\n<p>El martes 28 de julio se rebasaron los 30 mil asistentes (en un s\u00f3lo d\u00eda) con la presentaci\u00f3n de la Adictiva de Jos\u00e9 de Mesillas, banda que por espacio de casi tres horas cautivo con su m\u00fasica a lugare\u00f1os y visitantes.<\/p>\n<p>\u00a0<\/p>\n<p>Felipe Garc\u00eda, presidente del Comit\u00e9 en menci\u00f3n, indic\u00f3 que de cara al segundo fin de semana de feria se tienen reservadas un sinf\u00edn de sorpresas que ser\u00e1n ingredientes para celebrar en grande, pues otras agrupaciones que han gustado al p\u00fablico son: Inspector, Banda Tierra Sagrada y Sonora Santanera.<\/p>\n<p>\u00a0<\/p>\n<p>La alta afluencia se atribuy\u00f3 a la aceptaci\u00f3n plena a las carteleras promovidas con antelaci\u00f3n al festejo anual, de ah\u00ed que se esperan m\u00e1s llenos en el teatro del pueblo con: El Bebeto (4 de Agosto); Motel (8 de Agosto); Calibre 50 (11 de Agosto); Los \u00c1ngeles Azules (12 de Agosto) y para cerrar con broche de oro Moderatto, el 16 de Agosto en el marco de la clausura.<\/p>\n<p>\u00a0<\/p>\n<p>De cara al resto de la festividad, el municipio record\u00f3 que el acceso a la feria es de 20 pesos y adultos mayores que presenten credencial INAPAM, as\u00ed como personas con discapacidad, no pagan. En lo que respecta a juegos infantiles, las familias podr\u00e1n adquirir un brazalete con un costo de 70 pesos, con derecho a 5 juegos de su elecci\u00f3n.<\/p>\n<p>\u00a0<\/p>\n<p>Entre los atractivos de mayor preferencia al interior del recinto ferial est\u00e1 el espect\u00e1culo de Dinosaurios Animatronics, con un costo de acceso de 10 pesos. De igual manera el Pabell\u00f3n Internacional.<\/p>\n<p>\u00a0<\/p>\n<p>En suma, esta feria garantiza diversi\u00f3n al alcance de todos: quienes acudan al teatro del pueblo y palenque podr\u00e1n disfrutar de presentaciones, tal y como las ven en escenarios de primer nivel y programas televisivos.<\/p>\n<p>\u00a0<\/p>\n<p>Gracias a las labores de asfaltado en el recinto ferial, la poblaci\u00f3n accede con mayor comodidad tanto a pabellones, teatro del pueblo \u00e1rea gastron\u00f3mica y diversas atracciones.<\/p>\n<p>\u00a0<\/p>\n<p>Finalmente el presidente del Comit\u00e9 de Feria, record\u00f3 a la poblaci\u00f3n que esta feria tiene garantizadas las condiciones de vialidad, seguridad y protecci\u00f3n civil, para preservar la integridad de los visitantes locales y for\u00e1neos.<\/p>\n","protected":false},"excerpt":{"rendered":"<p>TULANCINGO * Los d\u00edas de mayor afluencia fueron el domingo 26 y martes 28 de julio, reporta el municipio y resalta que esta feria sigue siendo una tradici\u00f3n que une a los tulansinguenses<\/p>\n","protected":false},"author":93,"featured_media":0,"comment_status":"open","ping_status":"open","sticky":false,"template":"","format":"standard","meta":{"footnotes":""},"categories":[40],"tags":[],"class_list":["post-8886","post","type-post","status-publish","format-standard","hentry","category-region"],"_links":{"self":[{"href":"https:\/\/plazajuarez.mx\/historico\/wp-json\/wp\/v2\/posts\/8886","targetHints":{"allow":["GET"]}}],"collection":[{"href":"https:\/\/plazajuarez.mx\/historico\/wp-json\/wp\/v2\/posts"}],"about":[{"href":"https:\/\/plazajuarez.mx\/historico\/wp-json\/wp\/v2\/types\/post"}],"author":[{"embeddable":true,"href":"https:\/\/plazajuarez.mx\/historico\/wp-json\/wp\/v2\/users\/93"}],"replies":[{"embeddable":true,"href":"https:\/\/plazajuarez.mx\/historico\/wp-json\/wp\/v2\/comments?post=8886"}],"version-history":[{"count":0,"href":"https:\/\/plazajuarez.mx\/historico\/wp-json\/wp\/v2\/posts\/8886\/revisions"}],"wp:attachment":[{"href":"https:\/\/plazajuarez.mx\/historico\/wp-json\/wp\/v2\/media?parent=8886"}],"wp:term":[{"taxonomy":"category","embeddable":true,"href":"https:\/\/plazajuarez.mx\/historico\/wp-json\/wp\/v2\/categories?post=8886"},{"taxonomy":"post_tag","embeddable":true,"href":"https:\/\/plazajuarez.mx\/historico\/wp-json\/wp\/v2\/tags?post=8886"}],"curies":[{"name":"wp","href":"https:\/\/api.w.org\/{rel}","templated":true}]}}