{"id":88446,"date":"2019-08-05T05:15:28","date_gmt":"2019-08-05T05:15:28","guid":{"rendered":"http:\/\/plazajuarez.mx\/index\/index.php\/2019\/08\/05\/retratos-hablados-849\/"},"modified":"2019-08-05T05:15:28","modified_gmt":"2019-08-05T05:15:28","slug":"retratos-hablados-849","status":"publish","type":"post","link":"https:\/\/plazajuarez.mx\/historico\/retratos-hablados-849\/","title":{"rendered":"RETRATOS HABLADOS"},"content":{"rendered":"<p>\u00a0\u00a0\u00a0 \u2022\u00a0\u00a0 \u00a0Grilla, no pol\u00edtica\u2028<br \/>\u00a0\u00a0 \u00a0\u2022\u00a0\u00a0 \u00a0MINUTARIO\u2028<\/p>\n<p>  <!--more-->  <\/p>\n<p>Dedicamos m\u00e1s tiempo del necesario, a seguir con lupa el ejercicio de la pol\u00edtica, o a lo que as\u00ed llaman quienes se dedican a esa tarea. Con seguridad m\u00e1s del 80 por ciento no corresponde a esa acci\u00f3n en la mejor de sus acepciones, sino a la simple grilla en la que la disputa del poder es el eje central de todas sus acciones.<br \/>\u00a0\u00a0 \u00a0Cuando se confunde grilla con pol\u00edtica, observaremos una repetici\u00f3n hasta la saciedad de las acciones, y ser\u00e1 posible la clasificaci\u00f3n de \u201cbuenos\u201d y \u201cmalos\u201d, en la que por conveniencias de todo tipo o una votaci\u00f3n a mano alzada, unos adquieren de pronto las cualidades de \u00e1ngel salvador, y otros de diablo irredento.<br \/>\u00a0\u00a0 \u00a0La pol\u00edtica como tal pocas veces se observa en el panorama, y los resultados por eso tienden a ser los de siempre, sin una intenci\u00f3n m\u00ednima por la trascendencia, que no debe ser confundida con la eternizaci\u00f3n en el poder que casi siempre afecta la estabilidad emocional del \u00e1ngel o diablo en turno.<br \/>\u00a0\u00a0 \u00a0Solo en ocasiones es posible observar una chispa de buena pol\u00edtica, y es tan raqu\u00edtica esa posibilidad, que se queda para la eternidad y construye de manera inmediata reputaciones que durar\u00e1n por mucho, mucho tiempo.<br \/>\u00a0\u00a0 \u00a0Sin embargo, en t\u00e9rminos generales, seremos testigos de una grilla desencadenada entre remedos de \u00e1ngeles y remedos de diablos. El origen es el de siempre: la obsesi\u00f3n por el poder, que se da en todos los sectores y niveles.<br \/>\u00a0\u00a0 \u00a0La vida misma est\u00e1 plagada de rutinas, de repeticiones inconscientes en cada uno de nuestros actos. De vez en cuando reparamos que caminamos la misma ruta, el mismo sendero sin cambiar absolutamente nada, para obtener, consecuencia l\u00f3gica, mismos resultados.<br \/>\u00a0\u00a0 \u00a0Y el hecho es que celebramos la pr\u00e1ctica cotidiana de la grilla, nos embelesa, nos subyuga hasta celebrar la misma historia contada por en\u00e9sima ocasi\u00f3n. Es tan mortal, tan de la vida simple, que nos suena familiar, \u00fanica, garant\u00eda de que todo seguir\u00e1 igual. Y como nos da terror el cambio verdadero, nos abrazamos a la maquinaria que garantiza eternamente que el escenario que siempre hemos conocido, seguir\u00e1 el mismo rumbo.<br \/>MINUTARIO.- GRUPO UNIVERSIDAD, M\u00c1S VIDAS QUE UN GATO: No, seguramente los profesores, investigadores que un d\u00eda hace varios lustros fueron corridos de manera ignominiosa de la Universidad Aut\u00f3noma del Estado de Hidalgo, por criticar el proceder del grupo caciquil que la gobierna desde hace casi 40 a\u00f1os, han dejado de sorprenderse por las veces que consideraron que ya estaba en v\u00edas de extinci\u00f3n. De pronto han ca\u00eddo en la cuenta que se trata de un gato con m\u00e1s de siete vidas, pero adem\u00e1s la cualidad de que puede retar a quien se le ponga enfrente sin ning\u00fan problema, sin consecuencias fatales. Porque resulta que ya pas\u00f3 el tiempo desde que la Unidad de Inteligencia Financiera finc\u00f3 aparentemente pruebas irrefutables sobre presunto lavado de dinero por una cuenta radicada en Suiza, pero a la fecha y en concreto no hay nada definitivo. Es decir que la historia se mantiene a mitad del camino. Por eso lo del gato con m\u00e1s de siete vidas. Incluso existe la versi\u00f3n de que ya se ha retomado el trabajo de la estructura que buscar\u00e1 impulsar la nominaci\u00f3n de su l\u00edder a la gubernatura del Estado. Y que sepamos, ning\u00fan boxeador que est\u00e9 en la lona anuncia que est\u00e1 listo para disputar el campeonato mundial.<\/p>\n<p>Mil gracias, hasta ma\u00f1ana.<\/p>\n<p>jeperalta@plazajuarez.mx\/historico\/historico<br \/>@JavierEPeralta<\/p>\n","protected":false},"excerpt":{"rendered":"<p>\u00a0\u00a0\u00a0 \u2022\u00a0\u00a0 \u00a0Grilla, no pol\u00edtica\u2028\u00a0\u00a0 \u00a0\u2022\u00a0\u00a0 \u00a0MINUTARIO\u2028<\/p>\n","protected":false},"author":93,"featured_media":0,"comment_status":"open","ping_status":"open","sticky":false,"template":"","format":"standard","meta":{"footnotes":""},"categories":[49],"tags":[],"class_list":["post-88446","post","type-post","status-publish","format-standard","hentry","category-javier-peralta"],"_links":{"self":[{"href":"https:\/\/plazajuarez.mx\/historico\/wp-json\/wp\/v2\/posts\/88446","targetHints":{"allow":["GET"]}}],"collection":[{"href":"https:\/\/plazajuarez.mx\/historico\/wp-json\/wp\/v2\/posts"}],"about":[{"href":"https:\/\/plazajuarez.mx\/historico\/wp-json\/wp\/v2\/types\/post"}],"author":[{"embeddable":true,"href":"https:\/\/plazajuarez.mx\/historico\/wp-json\/wp\/v2\/users\/93"}],"replies":[{"embeddable":true,"href":"https:\/\/plazajuarez.mx\/historico\/wp-json\/wp\/v2\/comments?post=88446"}],"version-history":[{"count":0,"href":"https:\/\/plazajuarez.mx\/historico\/wp-json\/wp\/v2\/posts\/88446\/revisions"}],"wp:attachment":[{"href":"https:\/\/plazajuarez.mx\/historico\/wp-json\/wp\/v2\/media?parent=88446"}],"wp:term":[{"taxonomy":"category","embeddable":true,"href":"https:\/\/plazajuarez.mx\/historico\/wp-json\/wp\/v2\/categories?post=88446"},{"taxonomy":"post_tag","embeddable":true,"href":"https:\/\/plazajuarez.mx\/historico\/wp-json\/wp\/v2\/tags?post=88446"}],"curies":[{"name":"wp","href":"https:\/\/api.w.org\/{rel}","templated":true}]}}