{"id":88445,"date":"2019-08-05T05:15:27","date_gmt":"2019-08-05T05:15:27","guid":{"rendered":"http:\/\/plazajuarez.mx\/index\/index.php\/2019\/08\/05\/la-historia-viviente\/"},"modified":"2019-08-05T05:15:27","modified_gmt":"2019-08-05T05:15:27","slug":"la-historia-viviente","status":"publish","type":"post","link":"https:\/\/plazajuarez.mx\/historico\/la-historia-viviente\/","title":{"rendered":"LA HISTORIA VIVIENTE"},"content":{"rendered":"<p>FAMILIA POL\u00cdTICA<\/p>\n<p>\u201cM\u00e1s sabe el Diablo por viejo, que por Diablo\u201d.<br \/>Dicho popular.<\/p>\n<p>  <!--more-->  <\/p>\n<p>1Me encontr\u00e9 a don Carlos Sosa Calva, despu\u00e9s de muchos a\u00f1os de no verlo; en una visita a la cripta del licenciado Jorge Rojo Lugo, en el aniversario de su fallecimiento. En espera del arribo de la familia, sostuvimos una pl\u00e1tica tan amena, interesante e informada, que me atrev\u00ed a decirle: \u201cOye, don Carlos, \u00bfpor qu\u00e9 no escribes un libro con base en las vivencias de una longeva biograf\u00eda? Tu memoria es l\u00facida; tu estilo es franco, directo y creo que adem\u00e1s de una importante fe hist\u00f3rica, podr\u00eda producirse un documento para que las nuevas generaciones conozcan, no s\u00f3lo la historia, sino las discretas tramas que se tejen en diferentes niveles para escribirla. Fuiste Diputado local muy joven, Director de la Polic\u00eda Judicial en varias ocasiones y hombre cercano a diferentes gobernantes de nuestra tierra. Sabes mucho, comp\u00e1rtelo, no seas ego\u00edsta; si quieres yo te asesoro en cuestiones literarias\u201d.<\/p>\n<p>El hombre, con sus casi noventa a\u00f1os que lleva con dignidad; siempre tiene la broma a flor de labio y la ocurrencia inteligente y amistosa de manera oportuna. Me dijo: \u201cMira, ya estoy en eso con un periodista; por favor estate pendiente, yo te buscar\u00e9\u201d. Pocos d\u00edas despu\u00e9s recib\u00ed un telefonema de mi amigo Alejandro G\u00e1lvez, del portal Quadrat\u00edn Hidalgo, para invitarme un caf\u00e9. Sin saber de qu\u00e9 se trataba, acud\u00ed. De manera directa me dijo: \u201cEstoy compilando datos para mi pr\u00f3ximo libro, cuyo t\u00edtulo tentativo es Los Caciques; me dijo don Carlos Sosa, que platicara contigo\u201d.<\/p>\n<p>Despu\u00e9s de considerar que fue un acierto recurrir al hombre fuerte de Tenango, para abordar un tema del cual es destacado protagonista, comenzamos a platicar de diferentes personas que pudieran reunir los elementos b\u00e1sicos para considerarse caciques (Hidalgo tiene una producci\u00f3n aproximada de diez por hect\u00e1rea). Surgieron varios nombres de diferentes puntos geogr\u00e1ficos y en diferentes \u00e9pocas; pero consideramos que hac\u00eda falta un hilo conductor para dar coherencia al relato. As\u00ed, brotaron los perfiles de Hern\u00e1n Mercado P\u00e9rez, quien en alguna ocasi\u00f3n ya abord\u00f3 el tema y que tambi\u00e9n tiene su historia (fue canchanch\u00e1n de el Meme Garza y Luis del Toro Calero, Diputado local y Secretario de Gobierno). Desde luego, no falt\u00f3 la alusi\u00f3n a mi entra\u00f1able Maestro, don Bonfilio Salazar Mendoza, quien adem\u00e1s de fungir durante muchos a\u00f1os como segundo del licenciado Gaudencio Morales, al frente de la Escuela Normal Benito Ju\u00e1rez; fue personaje cercano a don Manuel S\u00e1nchez Vite, tanto en el gobierno del Estado, cuanto en el Comit\u00e9 Ejecutivo Nacional del PRI. Con base en una fotograf\u00eda que Alejandro G\u00e1lvez subi\u00f3 a la red, la perversa de mi secretaria, Laurita, afirm\u00f3 que, sumadas las edades de los ah\u00ed reunidos, obtendr\u00edamos m\u00e1s de quinientos a\u00f1os. Efectivamente: Hern\u00e1n, Bonfilio y Carlos Sosa, deber\u00edan formar parte del patrimonio moral de Hidalgo y gozar de la protecci\u00f3n del Instituto Nacional de Antropolog\u00eda e Historia.<\/p>\n<p>A propuesta de esos santones, comenzamos a platicar tomando como punto de partida la impresionante figura de don Javier Rojo G\u00f3mez, sus aspiraciones reales de ser candidato a la presidencia de la Rep\u00fablica y de las naturales fobias que contra \u00e9l y sus amigos se desataron al no lograrlo.<\/p>\n<p>Durante varias horas de pl\u00e1tica, desfilaron por la mesa nombres y registros en la vida de los gobernantes. Es cierto, los libros consignan sucesos desde el punto de vista de historiadores serios, pero no tienen la chispa de la tradici\u00f3n oral, por la cual, voces autorizadas suelen convertir grandes acontecimientos, en an\u00e9cdotas interesantes, hasta divertidas y jocosas.<\/p>\n<p>La historia de los que se encumbraron a la sombra de tal o cual poderoso; la protecci\u00f3n del hombre fuerte a sus amigos, la intolerancia (y a\u00fan persecuci\u00f3n) en contra de los que se equivocaron de bando, pero\u2026 queda absolutamente claro que en pol\u00edtica no se gana ni se pierde para siempre. Cobran vigencia aquellos versos que algunos atribuyen a Zorrilla, autor de Don Juan Tenorio: \u201cLos muertos que vos mat\u00e1is, gozan de cabal salud\u201d. Repito, tambi\u00e9n en pol\u00edtica: \u201cLa verdadera muerte es el olvido\u201d.<\/p>\n<p>Don Vicente Aguirre, famoso por su sentido del humor (a veces macabro), como aquella vez que, all\u00e1 por Pacula, lo llevaron a un acantilado, a presenciar el escenario de un feminicidio. Recientemente un campesino hab\u00eda arrojado a su mujer, quien se destroz\u00f3 a causa de la ca\u00edda. \u00bfC\u00f3mo ve usted, se\u00f1or Gobernador? A lo que Don Vicente contest\u00f3: \u201cAs\u00ed ser\u00eda la vidota que le daba, esta hija de la chingada\u201d. Refiri\u00e9ndose a ese mismo municipio, el licenciado Aguirre expresaba: \u201cEste pinche pueblo deber\u00eda tener nombre masculino\u201d.<\/p>\n<p>Don Quint\u00edn Rueda Villagr\u00e1n, dicen que dej\u00f3 importante obra material y pol\u00edtica; sin embargo, Hidalgo siempre lo sinti\u00f3 ajeno.<\/p>\n<p>El General Alfonso Corona del Rosal, tambi\u00e9n precandidato a la presidencia de la Rep\u00fablica, reivindic\u00f3 a sus amigos (como Domingo Franco y otros anteriormente perseguidos) otorg\u00e1ndoles importantes y poderosos cargos. Desde entonces, a los veintiocho a\u00f1os de edad, Carlos Sosa fue Diputado.<\/p>\n<p>El Mayor Oswaldo Cravioto Cisneros, supli\u00f3 al General Corona, hasta el t\u00e9rmino de su mandato. Entreg\u00f3 el poder al culto Maestro universitario y eminente orador, don Carlos Ram\u00edrez Guerrero.<\/p>\n<p>La decisi\u00f3n para que el Maestro Manuel S\u00e1nchez Vite llegara a la gubernatura, se atribuye por la \u201cvox p\u00f3puli\u201d a la fuerza del Sindicato Nacional de Trabajadores de la Educaci\u00f3n, del cual fue l\u00edder antes de ser Senador de la Rep\u00fablica; algunos tienen \u201cotros datos\u201d y consideran que su relaci\u00f3n con Luis Echeverr\u00eda, quien lleg\u00f3 a la Oficial\u00eda Mayor de la SEP, por influencia del molanguense, fue su verdadera plataforma de lanzamiento.<\/p>\n<p>\u00c9stas y muchas otras cosas se dijeron en la mesa; pero esa ser\u00e1 materia de otro art\u00edculo. Como se ve, no toc\u00f3 a los caciques, objeto de investigaci\u00f3n del joven periodista G\u00e1lvez.<\/p>\n","protected":false},"excerpt":{"rendered":"<p>FAMILIA POL\u00cdTICA \u201cM\u00e1s sabe el Diablo por viejo, que por Diablo\u201d.Dicho popular.<\/p>\n","protected":false},"author":93,"featured_media":0,"comment_status":"open","ping_status":"open","sticky":false,"template":"","format":"standard","meta":{"footnotes":""},"categories":[50],"tags":[],"class_list":["post-88445","post","type-post","status-publish","format-standard","hentry","category-prisciliano-gutierrez"],"_links":{"self":[{"href":"https:\/\/plazajuarez.mx\/historico\/wp-json\/wp\/v2\/posts\/88445","targetHints":{"allow":["GET"]}}],"collection":[{"href":"https:\/\/plazajuarez.mx\/historico\/wp-json\/wp\/v2\/posts"}],"about":[{"href":"https:\/\/plazajuarez.mx\/historico\/wp-json\/wp\/v2\/types\/post"}],"author":[{"embeddable":true,"href":"https:\/\/plazajuarez.mx\/historico\/wp-json\/wp\/v2\/users\/93"}],"replies":[{"embeddable":true,"href":"https:\/\/plazajuarez.mx\/historico\/wp-json\/wp\/v2\/comments?post=88445"}],"version-history":[{"count":0,"href":"https:\/\/plazajuarez.mx\/historico\/wp-json\/wp\/v2\/posts\/88445\/revisions"}],"wp:attachment":[{"href":"https:\/\/plazajuarez.mx\/historico\/wp-json\/wp\/v2\/media?parent=88445"}],"wp:term":[{"taxonomy":"category","embeddable":true,"href":"https:\/\/plazajuarez.mx\/historico\/wp-json\/wp\/v2\/categories?post=88445"},{"taxonomy":"post_tag","embeddable":true,"href":"https:\/\/plazajuarez.mx\/historico\/wp-json\/wp\/v2\/tags?post=88445"}],"curies":[{"name":"wp","href":"https:\/\/api.w.org\/{rel}","templated":true}]}}