{"id":88444,"date":"2019-08-05T05:15:25","date_gmt":"2019-08-05T05:15:25","guid":{"rendered":"http:\/\/plazajuarez.mx\/index\/index.php\/2019\/08\/05\/gobierno-de-amlo-no-es-responsable-de-un-menor-crecimiento\/"},"modified":"2019-08-05T05:15:25","modified_gmt":"2019-08-05T05:15:25","slug":"gobierno-de-amlo-no-es-responsable-de-un-menor-crecimiento","status":"publish","type":"post","link":"https:\/\/plazajuarez.mx\/historico\/gobierno-de-amlo-no-es-responsable-de-un-menor-crecimiento\/","title":{"rendered":"Gobierno de AMLO no es responsable de un menor crecimiento"},"content":{"rendered":"<p>N\u00daMEROS CLAROS <\/p>\n<p>\u00a0\u00a0 \u00a0\u2022\u00a0\u00a0 \u00a0La oposici\u00f3n se aferra en culpar al presidente del raqu\u00edtico crecimiento en la econom\u00eda nacional, lo cierto es que la econom\u00eda mundial se encuentra estancada\u2028<\/p>\n<p>  <!--more-->  <\/p>\n<p>Los bancos centrales en el mundo siguen experimentando para enfrentar el lento crecimiento de las econom\u00edas nacionales y de la econom\u00eda mundial despu\u00e9s de la crisis de 2008. La consigna es fortalecen los apoyos a la econom\u00eda, la cual parece inerte e ignorar los est\u00edmulos econ\u00f3micos; de tal forma que al menos una docena de bancos centrales en el mundo han bajado sus tasas de inter\u00e9s en los \u00faltimos meses, la Reserva Federal de los Estados Unidos (FED) entre ellos, en su af\u00e1n por estimular el crecimiento de sus econom\u00edas y, en algunos casos, hacer aumentar la inflaci\u00f3n, la cual se debilita dentro del contexto de la guerra comercial entre los Estados Unidos y China.<br \/>Como en 2008, los bancos centrales de Australia y Nueva Zelanda tomaron la iniciativa y bajando sus tasas de inter\u00e9s, anticipando los movimientos de las instituciones monetarias y propiciando un movimiento que parece continuar entre los bancos centrales de todo el mundo, bajo un esfuerzo por estimular el crecimiento econ\u00f3mico y la creaci\u00f3n de empleos.<br \/>Aunque en M\u00e9xico la oposici\u00f3n se aferra en culpar al presidente Andr\u00e9s Manuel L\u00f3pez Obrador del desplome del raqu\u00edtico crecimiento con que ven\u00eda desempe\u00f1\u00e1ndose la econom\u00eda nacional, lo cierto es que la econom\u00eda mundial se encuentra estancada y el proteccionismo comercial que promueve el presidente de los Estados Unidos, Donald Trump, no abona a reactivar el comercio y el crecimiento mundial.<br \/>No se trata de una nueva crisis financiera mundial, sino de la incapacidad de los bancos centrales y gobiernos de sacar del atasco en que la crisis de 2008 hundi\u00f3 a la econom\u00eda mundial. Se trata pues, de un conjunto de elementos que est\u00e1n influyendo sobre las perspectivas de crecimiento de los pa\u00edses desarrollados y emergentes; que ponen en evidencia la incapacidad de las econom\u00edas de crecer pese a los est\u00edmulos econ\u00f3micos de los bancos centrales o de crecer sin crear empleos, como en el caso de Alemania; bajo un contexto donde los conflictos comerciales est\u00e1n afectando la inversi\u00f3n y aumentando los riesgos.<br \/>Los temores planteados por la desaceleraci\u00f3n del crecimiento en China, principal socio comercial de los Estados Unidos y acreedor, est\u00e1 frenando el desarrollo del mercado inmobiliario y frenando el consumo de los hogares en este \u00faltimo pa\u00eds. Para muestra un bot\u00f3n; el banco central de la India a principios de junio redujo su tasa de inter\u00e9s principal en 0.25 puntos y la situ\u00f3 en 5.75%; luego replicaron los bancos centrales de Malasia, Filipinas, Indonesia, Corea del Sur, Sud\u00e1frica y Turqu\u00eda que, a finales de julio, redujo su tasa principal en 24% para dejarla en 19.75%; recientemente la FED, bajo el argumento de la ca\u00edda de la inflaci\u00f3n, han seguido el ejemplo y seguramente el Banco Central Europeo har\u00e1 lo mismo.<br \/>\u00bfD\u00f3nde est\u00e1 la responsabilidad del gobierno del presidente de M\u00e9xico en la desaceleraci\u00f3n del crecimiento mundial? Evidentemente, la responsabilidad del mandatario mexicano s\u00f3lo puede estar fincada en su no actuaci\u00f3n frente a la ca\u00edda de la demanda mundial de materias primas y de manufacturas; pero \u00e9l est\u00e1 actuando al destinar una gran cantidad de recursos federales para atender los programas sociales de los j\u00f3venes y ancianos, al atender los problemas de seguridad y crear la guardia nacional, al invertir en infraestructura; todo ello, deber\u00e1 estimular el consumo interno. Sin embargo, ante la magnitud del problema no ser\u00e1 suficiente, se requerir\u00e1 de buscar dentro del mercado interno consumidores para los productos mexicanos que no puedan exportarse por la ca\u00edda de la demanda internacional.<br \/>Es preciso ahora que, el Banco de M\u00e9xico, m\u00e1s que alimentar la especulaci\u00f3n sobre el crecimiento del PIB en 2019, trabaje en una estrategia para hacer frente a la desaceleraci\u00f3n de la econom\u00eda mundial y ca\u00edda del comercio internacional. Ser\u00e1 preciso que el banco cree las condiciones para poner en pr\u00e1ctica pol\u00edticas fiscales que estimulen la inversi\u00f3n y el crecimiento, sabiendo que el camino actual est\u00e1 lleno de riesgos externos no internos alimentados por las pol\u00edticas del gobierno federal, lo cual ha venido propagando la oposici\u00f3n, desacreditando al gobierno, creando nuevas burbujas especulativas.<\/p>\n","protected":false},"excerpt":{"rendered":"<p>N\u00daMEROS CLAROS \u00a0\u00a0 \u00a0\u2022\u00a0\u00a0 \u00a0La oposici\u00f3n se aferra en culpar al presidente del raqu\u00edtico crecimiento en la econom\u00eda nacional, lo cierto es que la econom\u00eda mundial se encuentra estancada\u2028<\/p>\n","protected":false},"author":93,"featured_media":0,"comment_status":"open","ping_status":"open","sticky":false,"template":"","format":"standard","meta":{"footnotes":""},"categories":[45],"tags":[],"class_list":["post-88444","post","type-post","status-publish","format-standard","hentry","category-jose-luis-ortiz-santillan"],"_links":{"self":[{"href":"https:\/\/plazajuarez.mx\/historico\/wp-json\/wp\/v2\/posts\/88444","targetHints":{"allow":["GET"]}}],"collection":[{"href":"https:\/\/plazajuarez.mx\/historico\/wp-json\/wp\/v2\/posts"}],"about":[{"href":"https:\/\/plazajuarez.mx\/historico\/wp-json\/wp\/v2\/types\/post"}],"author":[{"embeddable":true,"href":"https:\/\/plazajuarez.mx\/historico\/wp-json\/wp\/v2\/users\/93"}],"replies":[{"embeddable":true,"href":"https:\/\/plazajuarez.mx\/historico\/wp-json\/wp\/v2\/comments?post=88444"}],"version-history":[{"count":0,"href":"https:\/\/plazajuarez.mx\/historico\/wp-json\/wp\/v2\/posts\/88444\/revisions"}],"wp:attachment":[{"href":"https:\/\/plazajuarez.mx\/historico\/wp-json\/wp\/v2\/media?parent=88444"}],"wp:term":[{"taxonomy":"category","embeddable":true,"href":"https:\/\/plazajuarez.mx\/historico\/wp-json\/wp\/v2\/categories?post=88444"},{"taxonomy":"post_tag","embeddable":true,"href":"https:\/\/plazajuarez.mx\/historico\/wp-json\/wp\/v2\/tags?post=88444"}],"curies":[{"name":"wp","href":"https:\/\/api.w.org\/{rel}","templated":true}]}}