{"id":88085,"date":"2019-07-30T04:58:07","date_gmt":"2019-07-30T04:58:07","guid":{"rendered":"http:\/\/plazajuarez.mx\/index\/index.php\/2019\/07\/30\/trump-sustituye-a-su-director-de-inteligencia\/"},"modified":"2019-07-30T04:58:07","modified_gmt":"2019-07-30T04:58:07","slug":"trump-sustituye-a-su-director-de-inteligencia","status":"publish","type":"post","link":"https:\/\/plazajuarez.mx\/historico\/trump-sustituye-a-su-director-de-inteligencia\/","title":{"rendered":"Trump sustituye a su director de Inteligencia"},"content":{"rendered":"<p>N\u00f3mina a John Ratcliffe<\/p>\n<p>\u00a0\u00a0 \u00a0\u2022\u00a0\u00a0 \u00a0Dan Coats ya no era consultado en los temas de seguridad\u2028<\/p>\n<p>  <!--more-->  <\/p>\n<p>Tras meses de desencuentros con Trump, debido a la tibieza de la Casa Blanca ante la injerencia de Rusia en las \u00faltimas elecciones presidenciales, el mandatario anunci\u00f3 ayer la salida del director Nacional de Inteligencia, Dan Coats. <br \/>Coats dejar\u00e1 el cargo el 15 de agosto pr\u00f3ximo, y Trump adelant\u00f3, en\u00a0 Twitter, que nominar\u00e1 al congresista John Ratcliffe, de Texas, para reemplazar a Coats, a quien agradeci\u00f3 \u201cpor su gran servicio\u201d al pa\u00eds. <br \/>\u201cUn ex fiscal de EU, John, liderar\u00e1 e inspirar\u00e1 la grandeza para la naci\u00f3n que ama\u201d, escribi\u00f3 Trump en referencia a Ratcliffe, quien sirve en los comit\u00e9s de inteligencia, judicatura y seguridad nacional de la C\u00e1mara de Representantes. <br \/>Las relaciones de Coats con Trump empeoraron en los \u00faltimos meses. Su salida se hac\u00eda inevitable, dijo un ex funcionario de inteligencia, seg\u00fan el cual, Coats se sent\u00eda aislado y marginado de la toma de decisiones importantes en materia de seguridad nacional, una denuncia que han hecho ya otros servidores de la administraci\u00f3n trumpista que han renunciado. <br \/>Uno de los hechos que marc\u00f3 el destino de Coats fue la Conferencia de Seguridad Nacional en Aspen, Colorado, en julio de 2018, cuando enfureci\u00f3 a la gente de la Casa Blanca al decir que si el presidente le hubiera pedido su consejo, le habr\u00eda dicho que no se reuniera en privado con el mandatario ruso en la cumbre de Helsinki. <\/p>\n","protected":false},"excerpt":{"rendered":"<p>N\u00f3mina a John Ratcliffe \u00a0\u00a0 \u00a0\u2022\u00a0\u00a0 \u00a0Dan Coats ya no era consultado en los temas de seguridad\u2028<\/p>\n","protected":false},"author":93,"featured_media":0,"comment_status":"open","ping_status":"open","sticky":false,"template":"","format":"standard","meta":{"footnotes":""},"categories":[31],"tags":[],"class_list":["post-88085","post","type-post","status-publish","format-standard","hentry","category-orbe"],"_links":{"self":[{"href":"https:\/\/plazajuarez.mx\/historico\/wp-json\/wp\/v2\/posts\/88085","targetHints":{"allow":["GET"]}}],"collection":[{"href":"https:\/\/plazajuarez.mx\/historico\/wp-json\/wp\/v2\/posts"}],"about":[{"href":"https:\/\/plazajuarez.mx\/historico\/wp-json\/wp\/v2\/types\/post"}],"author":[{"embeddable":true,"href":"https:\/\/plazajuarez.mx\/historico\/wp-json\/wp\/v2\/users\/93"}],"replies":[{"embeddable":true,"href":"https:\/\/plazajuarez.mx\/historico\/wp-json\/wp\/v2\/comments?post=88085"}],"version-history":[{"count":0,"href":"https:\/\/plazajuarez.mx\/historico\/wp-json\/wp\/v2\/posts\/88085\/revisions"}],"wp:attachment":[{"href":"https:\/\/plazajuarez.mx\/historico\/wp-json\/wp\/v2\/media?parent=88085"}],"wp:term":[{"taxonomy":"category","embeddable":true,"href":"https:\/\/plazajuarez.mx\/historico\/wp-json\/wp\/v2\/categories?post=88085"},{"taxonomy":"post_tag","embeddable":true,"href":"https:\/\/plazajuarez.mx\/historico\/wp-json\/wp\/v2\/tags?post=88085"}],"curies":[{"name":"wp","href":"https:\/\/api.w.org\/{rel}","templated":true}]}}