{"id":88084,"date":"2019-07-30T04:57:44","date_gmt":"2019-07-30T04:57:44","guid":{"rendered":"http:\/\/plazajuarez.mx\/index\/index.php\/2019\/07\/30\/presidente-de-peru-propone-recortar-su-mandato-2\/"},"modified":"2019-07-30T04:57:44","modified_gmt":"2019-07-30T04:57:44","slug":"presidente-de-peru-propone-recortar-su-mandato-2","status":"publish","type":"post","link":"https:\/\/plazajuarez.mx\/historico\/presidente-de-peru-propone-recortar-su-mandato-2\/","title":{"rendered":"Presidente de Per\u00fa propone recortar su mandato"},"content":{"rendered":"<p>\u00a0\u00a0\u00a0 \u2022\u00a0\u00a0 \u00a0Pide adelantar elecciones para sustituir a presidente y congresistas\u2028<\/p>\n<p>  <!--more-->  <\/p>\n<p>El presidente de Per\u00fa, Mart\u00edn Vizcarra, propuso el domingo al Congreso adelantar las elecciones para julio de 2020, recortando un a\u00f1o su propio mandato y el de los legisladores, como salida a la &#8220;crisis institucional&#8221; por la pugna entre ambos poderes. <br \/>&#8220;Present\u00f3 al Congreso una reforma constitucional de adelanto de elecciones generales, que implica el recorte del mandato congresal al 28 de julio de 2020. De igual modo en esta reforma tambi\u00e9n se solicita el recorte del mandato presidencial a la misma fecha&#8221;, dijo Vizcarra ante el plenario del Congreso, en su mensaje anual al pa\u00eds en el aniversario 198 de la Independencia peruana. <br \/>El mandatario, quien ha ganado popularidad al enfrentar con energ\u00eda al Congreso, dijo que su propuesta deber\u00e1 ser ratificada en un refer\u00e9ndum.<\/p>\n","protected":false},"excerpt":{"rendered":"<p>\u00a0\u00a0\u00a0 \u2022\u00a0\u00a0 \u00a0Pide adelantar elecciones para sustituir a presidente y congresistas\u2028<\/p>\n","protected":false},"author":93,"featured_media":0,"comment_status":"open","ping_status":"open","sticky":false,"template":"","format":"standard","meta":{"footnotes":""},"categories":[31],"tags":[],"class_list":["post-88084","post","type-post","status-publish","format-standard","hentry","category-orbe"],"_links":{"self":[{"href":"https:\/\/plazajuarez.mx\/historico\/wp-json\/wp\/v2\/posts\/88084","targetHints":{"allow":["GET"]}}],"collection":[{"href":"https:\/\/plazajuarez.mx\/historico\/wp-json\/wp\/v2\/posts"}],"about":[{"href":"https:\/\/plazajuarez.mx\/historico\/wp-json\/wp\/v2\/types\/post"}],"author":[{"embeddable":true,"href":"https:\/\/plazajuarez.mx\/historico\/wp-json\/wp\/v2\/users\/93"}],"replies":[{"embeddable":true,"href":"https:\/\/plazajuarez.mx\/historico\/wp-json\/wp\/v2\/comments?post=88084"}],"version-history":[{"count":0,"href":"https:\/\/plazajuarez.mx\/historico\/wp-json\/wp\/v2\/posts\/88084\/revisions"}],"wp:attachment":[{"href":"https:\/\/plazajuarez.mx\/historico\/wp-json\/wp\/v2\/media?parent=88084"}],"wp:term":[{"taxonomy":"category","embeddable":true,"href":"https:\/\/plazajuarez.mx\/historico\/wp-json\/wp\/v2\/categories?post=88084"},{"taxonomy":"post_tag","embeddable":true,"href":"https:\/\/plazajuarez.mx\/historico\/wp-json\/wp\/v2\/tags?post=88084"}],"curies":[{"name":"wp","href":"https:\/\/api.w.org\/{rel}","templated":true}]}}