{"id":88082,"date":"2019-07-30T04:57:40","date_gmt":"2019-07-30T04:57:40","guid":{"rendered":"http:\/\/plazajuarez.mx\/index\/index.php\/2019\/07\/30\/si-productividad-no-mejora-mexico-crecera-1-5\/"},"modified":"2019-07-30T04:57:40","modified_gmt":"2019-07-30T04:57:40","slug":"si-productividad-no-mejora-mexico-crecera-1-5","status":"publish","type":"post","link":"https:\/\/plazajuarez.mx\/historico\/si-productividad-no-mejora-mexico-crecera-1-5\/","title":{"rendered":"&#8220;Si productividad no mejora, M\u00e9xico crecer\u00e1 1.5%&#8221;"},"content":{"rendered":"<p>Standard and Poor&#8217;s muy pendiente<br \/>\u00a0\u00a0 \u00a0\u2022\u00a0\u00a0 \u00a0Dice que el pa\u00eds requiere un aumento en productividad siete veces por arriba del promedio de los recientes 10 a\u00f1os\u2028<\/p>\n<p>  <!--more-->  <\/p>\n<p>La ahora exigente calificadora dice que ese crecimiento se requerir\u00e1 si se busca crecer al 4 por ciento <br \/>La calificadora Standard and Poor&#8217;s estim\u00f3 que para lograr un crecimiento de 4% en la econom\u00eda mexicana es necesario que el pa\u00eds logre un aumento en productividad siete veces por arriba del promedio de los recientes 10 a\u00f1os.<br \/>&#8220;Si la productividad no mejora, dado la desaceleraci\u00f3n del crecimiento de la poblaci\u00f3n laboral, el crecimiento del Producto Interno Bruto de M\u00e9xico en la pr\u00f3xima d\u00e9cada tendr\u00e1 un promedio m\u00e1s cercano a 1.5%&#8221;, alert\u00f3.<br \/>En el texto &#8220;Productividad baja y desigual en M\u00e9xico: Qu\u00e9 nos dice sobre el crecimiento futuro del PIB&#8221;, la firma explica que el crecimiento econ\u00f3mico en M\u00e9xico ha promediado apenas 2% durante la \u00faltima d\u00e9cada, menos de la mitad de la tasa de 5% de crecimiento en los mercados emergentes durante el mismo periodo.<br \/>&#8220;Una raz\u00f3n citada a menudo para explicar esta situaci\u00f3n es la baja productividad laboral, que ha promediado apenas 0.4% en los \u00faltimos 10 a\u00f1os&#8221;, explic\u00f3.<br \/>En ese sentido, coment\u00f3 que el desaf\u00edo para el modelo de crecimiento de M\u00e9xico basado en elevado empleo y baja productividad es que la din\u00e1mica demogr\u00e1fica que ayud\u00f3 a impulsar el empleo en el pasado ser\u00e1 menos favorable en los siguientes a\u00f1os.<br \/>&#8220;Esto se debe al crecimiento de la poblaci\u00f3n en edad laboral que se expandi\u00f3 en promedio 1.8% en la \u00faltima d\u00e9cada, y se espera que se sit\u00fae 0.5% por debajo en la siguiente d\u00e9cada. <br \/>En otras palabras, si la productividad no mejora, y la participaci\u00f3n de la fuerza laboral tampoco lo hace, la econom\u00eda mexicana crecer\u00e1, en promedio, a una tasa m\u00e1s cercanas a 1.5% en la siguiente d\u00e9cada. <\/p>\n","protected":false},"excerpt":{"rendered":"<p>Standard and Poor&#8217;s muy pendiente\u00a0\u00a0 \u00a0\u2022\u00a0\u00a0 \u00a0Dice que el pa\u00eds requiere un aumento en productividad siete veces por arriba del promedio de los recientes 10 a\u00f1os\u2028<\/p>\n","protected":false},"author":93,"featured_media":0,"comment_status":"open","ping_status":"open","sticky":false,"template":"","format":"standard","meta":{"footnotes":""},"categories":[36],"tags":[],"class_list":["post-88082","post","type-post","status-publish","format-standard","hentry","category-nacion"],"_links":{"self":[{"href":"https:\/\/plazajuarez.mx\/historico\/wp-json\/wp\/v2\/posts\/88082","targetHints":{"allow":["GET"]}}],"collection":[{"href":"https:\/\/plazajuarez.mx\/historico\/wp-json\/wp\/v2\/posts"}],"about":[{"href":"https:\/\/plazajuarez.mx\/historico\/wp-json\/wp\/v2\/types\/post"}],"author":[{"embeddable":true,"href":"https:\/\/plazajuarez.mx\/historico\/wp-json\/wp\/v2\/users\/93"}],"replies":[{"embeddable":true,"href":"https:\/\/plazajuarez.mx\/historico\/wp-json\/wp\/v2\/comments?post=88082"}],"version-history":[{"count":0,"href":"https:\/\/plazajuarez.mx\/historico\/wp-json\/wp\/v2\/posts\/88082\/revisions"}],"wp:attachment":[{"href":"https:\/\/plazajuarez.mx\/historico\/wp-json\/wp\/v2\/media?parent=88082"}],"wp:term":[{"taxonomy":"category","embeddable":true,"href":"https:\/\/plazajuarez.mx\/historico\/wp-json\/wp\/v2\/categories?post=88082"},{"taxonomy":"post_tag","embeddable":true,"href":"https:\/\/plazajuarez.mx\/historico\/wp-json\/wp\/v2\/tags?post=88082"}],"curies":[{"name":"wp","href":"https:\/\/api.w.org\/{rel}","templated":true}]}}