{"id":88080,"date":"2019-07-30T04:55:46","date_gmt":"2019-07-30T04:55:46","guid":{"rendered":"http:\/\/plazajuarez.mx\/index\/index.php\/2019\/07\/30\/nuevamente-el-bronco-critica-a-amlo\/"},"modified":"2019-07-30T04:55:46","modified_gmt":"2019-07-30T04:55:46","slug":"nuevamente-el-bronco-critica-a-amlo","status":"publish","type":"post","link":"https:\/\/plazajuarez.mx\/historico\/nuevamente-el-bronco-critica-a-amlo\/","title":{"rendered":"Nuevamente &#8220;El Bronco&#8221; critica a AMLO"},"content":{"rendered":"<p>\u00a0\u00a0\u00a0 \u2022\u00a0\u00a0 \u00a0Ahora por destinar 90 mdd para Centroam\u00e9rica\u2028<br \/>\u201cSin consultar a mexicanos\u201d<\/p>\n<p>  <!--more-->  <\/p>\n<p>MONTERREY, NL.- El gobernador de Nuevo Le\u00f3n, Jaime Rodr\u00edguez Calder\u00f3n, critic\u00f3 que el presidente L\u00f3pez Obrador, sin consultar con los mexicanos y el Congreso de la Uni\u00f3n, destine recursos para crear empleos en Centroam\u00e9rica, cuando hay tanta gente en M\u00e9xico que vive en mayor pobreza.<br \/>&#8220;El Bronco&#8221; expuso lo anterior durante una reuni\u00f3n con unos 200 integrantes de asociaciones civiles, ante quienes se\u00f1al\u00f3 que a diferencia de L\u00f3pez Obrador, \u00e9l no les quitar\u00e1 recursos, sino buscar\u00e1 increment\u00e1rselos.<br \/>Despu\u00e9s en rueda de prensa, el gobernador argument\u00f3 su rechazo a que se destinen 90 millones de d\u00f3lares para generar 60 mil empleos en El Salvador, Honduras y Guatemala, expuso que &#8220;a M\u00e9xico le hace falta mucho dinero, es como si yo dijera, voy a apoyar a los pobres de Coahuila, \u00bfqu\u00e9 va a decir la gente de Nuevo Le\u00f3n?, me eligieron como gobernador de este estado&#8221;.<\/p>\n","protected":false},"excerpt":{"rendered":"<p>\u00a0\u00a0\u00a0 \u2022\u00a0\u00a0 \u00a0Ahora por destinar 90 mdd para Centroam\u00e9rica\u2028\u201cSin consultar a mexicanos\u201d<\/p>\n","protected":false},"author":93,"featured_media":0,"comment_status":"open","ping_status":"open","sticky":false,"template":"","format":"standard","meta":{"footnotes":""},"categories":[36],"tags":[],"class_list":["post-88080","post","type-post","status-publish","format-standard","hentry","category-nacion"],"_links":{"self":[{"href":"https:\/\/plazajuarez.mx\/historico\/wp-json\/wp\/v2\/posts\/88080","targetHints":{"allow":["GET"]}}],"collection":[{"href":"https:\/\/plazajuarez.mx\/historico\/wp-json\/wp\/v2\/posts"}],"about":[{"href":"https:\/\/plazajuarez.mx\/historico\/wp-json\/wp\/v2\/types\/post"}],"author":[{"embeddable":true,"href":"https:\/\/plazajuarez.mx\/historico\/wp-json\/wp\/v2\/users\/93"}],"replies":[{"embeddable":true,"href":"https:\/\/plazajuarez.mx\/historico\/wp-json\/wp\/v2\/comments?post=88080"}],"version-history":[{"count":0,"href":"https:\/\/plazajuarez.mx\/historico\/wp-json\/wp\/v2\/posts\/88080\/revisions"}],"wp:attachment":[{"href":"https:\/\/plazajuarez.mx\/historico\/wp-json\/wp\/v2\/media?parent=88080"}],"wp:term":[{"taxonomy":"category","embeddable":true,"href":"https:\/\/plazajuarez.mx\/historico\/wp-json\/wp\/v2\/categories?post=88080"},{"taxonomy":"post_tag","embeddable":true,"href":"https:\/\/plazajuarez.mx\/historico\/wp-json\/wp\/v2\/tags?post=88080"}],"curies":[{"name":"wp","href":"https:\/\/api.w.org\/{rel}","templated":true}]}}