{"id":88079,"date":"2019-07-30T04:55:46","date_gmt":"2019-07-30T04:55:46","guid":{"rendered":"http:\/\/plazajuarez.mx\/index\/index.php\/2019\/07\/30\/morena-se-ha-convertido-en-un-partido-busca-chambas-taibo-ii\/"},"modified":"2019-07-30T04:55:46","modified_gmt":"2019-07-30T04:55:46","slug":"morena-se-ha-convertido-en-un-partido-busca-chambas-taibo-ii","status":"publish","type":"post","link":"https:\/\/plazajuarez.mx\/historico\/morena-se-ha-convertido-en-un-partido-busca-chambas-taibo-ii\/","title":{"rendered":"Morena se ha convertido en un partido &#8220;busca chambas&#8221;: Taibo II"},"content":{"rendered":"<p>OPINI\u00d3N DEL DIRECTOR DEL FCE <br \/>\u00a0\u00a0 \u00a0\u2022\u00a0\u00a0 \u00a0El funcionario p\u00fablico tron\u00f3 en contra de ese partido\u2028<\/p>\n<p>  <!--more-->  <\/p>\n<p>Morena se convirti\u00f3 en un partido &#8220;busca chambas&#8221; tron\u00f3 el director del Fondo de Cultura Econ\u00f3mica (FCE) Paco Ignacio Taibo II.<br \/>El domingo, en Axapusco, estado de M\u00e9xico, ante integrantes de la escuela de cuadros &#8220;La Chinaca&#8221;, ajena al partido Morena pero af\u00edn al presidente Andr\u00e9s Manuel L\u00f3pez Obrador, el funcionario p\u00fablico tron\u00f3 en contra de ese partido.<br \/>Respald\u00f3 la intenci\u00f3n de los j\u00f3venes de trabajar en apoyo al mandatario pero sin integrarse a Morena, pues \u00e9ste vive una fase de perredizaci\u00f3n y se ha convertido en un partido &#8220;blandengue, burocr\u00e1tico, electoralista, \u00a1perdi\u00f3 su esencia social, hombre! Se volvi\u00f3 un partido de busca-chambas, de ascenso de la pir\u00e1mide&#8221;.<br \/>Pero defendi\u00f3 a la base de militantes morenistas pues &#8220;sorprendentemente&#8221; sigue siendo de izquierda. Pero todas sus estructuras de mando se han burocratizado al grado de tener &#8220;una direcci\u00f3n que parece de loter\u00eda nacional no de un partido pol\u00edtico&#8221;.<br \/>El escritor se burl\u00f3 del Partido de la Revoluci\u00f3n Democr\u00e1tica (PRD) y de Morena con &#8220;La versi\u00f3n mexicana de la bella durmiente va por el bosque, se encuentra un pinche sapo, le da un beso y se vuelve perredista, si le da dos besos se viene con nosotros&#8221;.<br \/>Sobre las cr\u00edticas de Taibo II respecto a que Morena se ha convertido en un partido burocr\u00e1tico, la presidenta de Morena, Yeidckol Polevnsky desestim\u00f3 los se\u00f1alamientos y achac\u00f3 estos a malentendidos sobre lo que pasa en el partido y &#8220;seguramente alguien lo ha informado mal&#8221;.<br \/>El escritor se burl\u00f3 del Partido de la Revoluci\u00f3n Democr\u00e1tica (PRD) y de Morena<\/p>\n","protected":false},"excerpt":{"rendered":"<p>OPINI\u00d3N DEL DIRECTOR DEL FCE \u00a0\u00a0 \u00a0\u2022\u00a0\u00a0 \u00a0El funcionario p\u00fablico tron\u00f3 en contra de ese partido\u2028<\/p>\n","protected":false},"author":93,"featured_media":0,"comment_status":"open","ping_status":"open","sticky":false,"template":"","format":"standard","meta":{"footnotes":""},"categories":[36],"tags":[],"class_list":["post-88079","post","type-post","status-publish","format-standard","hentry","category-nacion"],"_links":{"self":[{"href":"https:\/\/plazajuarez.mx\/historico\/wp-json\/wp\/v2\/posts\/88079","targetHints":{"allow":["GET"]}}],"collection":[{"href":"https:\/\/plazajuarez.mx\/historico\/wp-json\/wp\/v2\/posts"}],"about":[{"href":"https:\/\/plazajuarez.mx\/historico\/wp-json\/wp\/v2\/types\/post"}],"author":[{"embeddable":true,"href":"https:\/\/plazajuarez.mx\/historico\/wp-json\/wp\/v2\/users\/93"}],"replies":[{"embeddable":true,"href":"https:\/\/plazajuarez.mx\/historico\/wp-json\/wp\/v2\/comments?post=88079"}],"version-history":[{"count":0,"href":"https:\/\/plazajuarez.mx\/historico\/wp-json\/wp\/v2\/posts\/88079\/revisions"}],"wp:attachment":[{"href":"https:\/\/plazajuarez.mx\/historico\/wp-json\/wp\/v2\/media?parent=88079"}],"wp:term":[{"taxonomy":"category","embeddable":true,"href":"https:\/\/plazajuarez.mx\/historico\/wp-json\/wp\/v2\/categories?post=88079"},{"taxonomy":"post_tag","embeddable":true,"href":"https:\/\/plazajuarez.mx\/historico\/wp-json\/wp\/v2\/tags?post=88079"}],"curies":[{"name":"wp","href":"https:\/\/api.w.org\/{rel}","templated":true}]}}