{"id":88078,"date":"2019-07-30T04:55:09","date_gmt":"2019-07-30T04:55:09","guid":{"rendered":"http:\/\/plazajuarez.mx\/index\/index.php\/2019\/07\/30\/la-llamada-ley-garrote-en-tabasco\/"},"modified":"2019-07-30T04:55:09","modified_gmt":"2019-07-30T04:55:09","slug":"la-llamada-ley-garrote-en-tabasco","status":"publish","type":"post","link":"https:\/\/plazajuarez.mx\/historico\/la-llamada-ley-garrote-en-tabasco\/","title":{"rendered":"La llamada ley &#8220;garrote&#8221; en Tabasco"},"content":{"rendered":"<p>\u00a0\u00a0\u00a0 \u2022\u00a0\u00a0 \u00a0Fue aprobada el fin de semana para castigar manifestaciones, marchas y bloqueos carreteros\u2028<\/p>\n<p>  <!--more-->  <\/p>\n<p>Diputados de Morena del Congreso de Tabasco aprobaron el fin de semana una iniciativa que castigar\u00e1 de 10 a 20 a\u00f1os de c\u00e1rcel a quienes se manifiesten con marchas o bloqueos en las carreteras o impidan la ejecuci\u00f3n de obras p\u00fablicas.<br \/>El gobernador, Ad\u00e1n Augusto L\u00f3pez Hern\u00e1ndez, fue quien envi\u00f3 la propuesta al Congreso del Estado.<br \/>Art\u00edculos modificados: <br \/>Las modificaciones para la llamada ley &#8220;garrote&#8221; se realizaron en los art\u00edculos 299; 306; 307 y 308 del C\u00f3digo Penal de Tabasco ser\u00e1n y se adicionar\u00e1n el art\u00edculo 196 Bis; y del art\u00edculo 308 Bis.<br \/>\u00bfPOR QU\u00c9 VEN CONTRADICCIONES EN LA LEY &#8220;GARROTE&#8221; Y AMLO?<br \/>En la d\u00e9cada de los noventa, el actual presidente Andr\u00e9s Manuel L\u00f3pez Obrador realiz\u00f3 diversas marchas y bloqueos en su natal Tabasco para manifestarse en contra de fraudes electorales o por lo que consideraba injusticias para los campesinos, por lo que algunos cr\u00edticos consideran que la ley &#8220;garrote&#8221; es una contradicci\u00f3n para la historia del actual Presidente, quien no tuvo una acci\u00f3n directa en las modificaciones al C\u00f3digo Penal.<\/p>\n","protected":false},"excerpt":{"rendered":"<p>\u00a0\u00a0\u00a0 \u2022\u00a0\u00a0 \u00a0Fue aprobada el fin de semana para castigar manifestaciones, marchas y bloqueos carreteros\u2028<\/p>\n","protected":false},"author":93,"featured_media":0,"comment_status":"open","ping_status":"open","sticky":false,"template":"","format":"standard","meta":{"footnotes":""},"categories":[36],"tags":[],"class_list":["post-88078","post","type-post","status-publish","format-standard","hentry","category-nacion"],"_links":{"self":[{"href":"https:\/\/plazajuarez.mx\/historico\/wp-json\/wp\/v2\/posts\/88078","targetHints":{"allow":["GET"]}}],"collection":[{"href":"https:\/\/plazajuarez.mx\/historico\/wp-json\/wp\/v2\/posts"}],"about":[{"href":"https:\/\/plazajuarez.mx\/historico\/wp-json\/wp\/v2\/types\/post"}],"author":[{"embeddable":true,"href":"https:\/\/plazajuarez.mx\/historico\/wp-json\/wp\/v2\/users\/93"}],"replies":[{"embeddable":true,"href":"https:\/\/plazajuarez.mx\/historico\/wp-json\/wp\/v2\/comments?post=88078"}],"version-history":[{"count":0,"href":"https:\/\/plazajuarez.mx\/historico\/wp-json\/wp\/v2\/posts\/88078\/revisions"}],"wp:attachment":[{"href":"https:\/\/plazajuarez.mx\/historico\/wp-json\/wp\/v2\/media?parent=88078"}],"wp:term":[{"taxonomy":"category","embeddable":true,"href":"https:\/\/plazajuarez.mx\/historico\/wp-json\/wp\/v2\/categories?post=88078"},{"taxonomy":"post_tag","embeddable":true,"href":"https:\/\/plazajuarez.mx\/historico\/wp-json\/wp\/v2\/tags?post=88078"}],"curies":[{"name":"wp","href":"https:\/\/api.w.org\/{rel}","templated":true}]}}