{"id":88076,"date":"2019-07-30T04:54:33","date_gmt":"2019-07-30T04:54:33","guid":{"rendered":"http:\/\/plazajuarez.mx\/index\/index.php\/2019\/07\/30\/ayer-una-joven-de-16-anos-de-edad-se-colgo-del-cuello-con-una-cuerda-de-plastico\/"},"modified":"2019-07-30T04:54:33","modified_gmt":"2019-07-30T04:54:33","slug":"ayer-una-joven-de-16-anos-de-edad-se-colgo-del-cuello-con-una-cuerda-de-plastico","status":"publish","type":"post","link":"https:\/\/plazajuarez.mx\/historico\/ayer-una-joven-de-16-anos-de-edad-se-colgo-del-cuello-con-una-cuerda-de-plastico\/","title":{"rendered":"Ayer una joven de 16 a\u00f1os de edad, se colg\u00f3 del cuello con una cuerda de pl\u00e1stico"},"content":{"rendered":"<p>EN SANTIAGO TLAPACOYA<br \/>La adolescente se ahorc\u00f3 con una cuerda de pl\u00e1stico por motivos desconocidos y no dej\u00f3 recado p\u00f3stumo<\/p>\n<p>  <!--more-->  <\/p>\n<p>Intensa movilizaci\u00f3n policial y de cuerpos de socorro gener\u00f3 la ma\u00f1ana de ayer, la alerta de una mujer que fue hallada sin vida al interior de un domicilio de la comunidad de Santiago Tlapacoya, misma que se presume se suicid\u00f3 al colgarse del cuello con una cuerda de pl\u00e1stico.<br \/>La tragedia fue reportada al 911 de Emergencias y al lugar acudieron elementos de la Polic\u00eda Municipal de Pachuca, as\u00ed como oficiales de la Agencia de Seguridad del estado de Hidalgo, quienes corroboraron el deceso de la infortunada. La informaci\u00f3n que se dio refiere que fue una joven de 16 a\u00f1os, la que hallaron sin vida en su casa.<br \/>La adolescente se ahorc\u00f3 con una cuerda de pl\u00e1stico por motivos desconocidos y no dej\u00f3 recado p\u00f3stumo.<br \/>Fueron los familiares de la joven, los que dieron parte a las autoridades que acudieron al lugar para dar fe e iniciar la carpeta de investigaci\u00f3n.<\/p>\n","protected":false},"excerpt":{"rendered":"<p>EN SANTIAGO TLAPACOYALa adolescente se ahorc\u00f3 con una cuerda de pl\u00e1stico por motivos desconocidos y no dej\u00f3 recado p\u00f3stumo<\/p>\n","protected":false},"author":93,"featured_media":0,"comment_status":"open","ping_status":"open","sticky":false,"template":"","format":"standard","meta":{"footnotes":""},"categories":[37],"tags":[],"class_list":["post-88076","post","type-post","status-publish","format-standard","hentry","category-barandilla"],"_links":{"self":[{"href":"https:\/\/plazajuarez.mx\/historico\/wp-json\/wp\/v2\/posts\/88076","targetHints":{"allow":["GET"]}}],"collection":[{"href":"https:\/\/plazajuarez.mx\/historico\/wp-json\/wp\/v2\/posts"}],"about":[{"href":"https:\/\/plazajuarez.mx\/historico\/wp-json\/wp\/v2\/types\/post"}],"author":[{"embeddable":true,"href":"https:\/\/plazajuarez.mx\/historico\/wp-json\/wp\/v2\/users\/93"}],"replies":[{"embeddable":true,"href":"https:\/\/plazajuarez.mx\/historico\/wp-json\/wp\/v2\/comments?post=88076"}],"version-history":[{"count":0,"href":"https:\/\/plazajuarez.mx\/historico\/wp-json\/wp\/v2\/posts\/88076\/revisions"}],"wp:attachment":[{"href":"https:\/\/plazajuarez.mx\/historico\/wp-json\/wp\/v2\/media?parent=88076"}],"wp:term":[{"taxonomy":"category","embeddable":true,"href":"https:\/\/plazajuarez.mx\/historico\/wp-json\/wp\/v2\/categories?post=88076"},{"taxonomy":"post_tag","embeddable":true,"href":"https:\/\/plazajuarez.mx\/historico\/wp-json\/wp\/v2\/tags?post=88076"}],"curies":[{"name":"wp","href":"https:\/\/api.w.org\/{rel}","templated":true}]}}