{"id":88073,"date":"2019-07-30T04:53:38","date_gmt":"2019-07-30T04:53:38","guid":{"rendered":"http:\/\/plazajuarez.mx\/index\/index.php\/2019\/07\/30\/su-padre-lo-encontro-colgado-y-sin-vida-de-una-barda-en-construccion\/"},"modified":"2019-07-30T04:53:38","modified_gmt":"2019-07-30T04:53:38","slug":"su-padre-lo-encontro-colgado-y-sin-vida-de-una-barda-en-construccion","status":"publish","type":"post","link":"https:\/\/plazajuarez.mx\/historico\/su-padre-lo-encontro-colgado-y-sin-vida-de-una-barda-en-construccion\/","title":{"rendered":"Su padre lo encontr\u00f3 colgado y sin vida de una barda en construcci\u00f3n"},"content":{"rendered":"<p>EN SANTIAGO DE ANAYA<\/p>\n<p>  <!--more-->  <\/p>\n<p>La tragedia ocurri\u00f3 en la comunidad de La Blanca, perteneciente al municipio de Santiago de Anaya<br \/>Una odisea para el olvido, fue la que vivi\u00f3 la ma\u00f1ana de ayer un masculino que acudi\u00f3\u00a0 a visitar a su hijo, s\u00f3lo que se encontr\u00f3 con una dantesca escena, al ver colgado del cuello a su familiar, a quien de manera inmediata trat\u00f3 de auxiliar, pero este ya hab\u00eda perdido la vida.<br \/>La tragedia tuvo lugar en la comunidad de La Blanca, perteneciente al municipio de Santiago de Anaya, al filo de las 10:00 horas.<br \/>De la tragedia se alert\u00f3 al 911 de Emergencias y v\u00eda radio se extendi\u00f3 el aviso a las corporaciones policiales.<br \/>Elementos de la Polic\u00eda Estatal informaron que acudieron al lugar a verificar el presunto suicidio de una persona, misma que fue hallada colgada en una barda que se encuentra en construcci\u00f3n.<br \/>As\u00ed mismo se dio a conocer que el hombre fallecido en vida respond\u00eda al nombre con iniciales R.S.L., quien hasta antes de su deceso contaba con 24 a\u00f1os de edad.<br \/>Los tr\u00e1mites de identificaci\u00f3n del cad\u00e1ver corrieron a cargo del padre de la v\u00edctima.<br \/>Finalmente el cuerpo del suicida se traslad\u00f3 a la funeraria G\u00f3mez de Actopan para la realizaci\u00f3n de su funeral.<\/p>\n","protected":false},"excerpt":{"rendered":"<p>EN SANTIAGO DE ANAYA<\/p>\n","protected":false},"author":93,"featured_media":0,"comment_status":"open","ping_status":"open","sticky":false,"template":"","format":"standard","meta":{"footnotes":""},"categories":[37],"tags":[],"class_list":["post-88073","post","type-post","status-publish","format-standard","hentry","category-barandilla"],"_links":{"self":[{"href":"https:\/\/plazajuarez.mx\/historico\/wp-json\/wp\/v2\/posts\/88073","targetHints":{"allow":["GET"]}}],"collection":[{"href":"https:\/\/plazajuarez.mx\/historico\/wp-json\/wp\/v2\/posts"}],"about":[{"href":"https:\/\/plazajuarez.mx\/historico\/wp-json\/wp\/v2\/types\/post"}],"author":[{"embeddable":true,"href":"https:\/\/plazajuarez.mx\/historico\/wp-json\/wp\/v2\/users\/93"}],"replies":[{"embeddable":true,"href":"https:\/\/plazajuarez.mx\/historico\/wp-json\/wp\/v2\/comments?post=88073"}],"version-history":[{"count":0,"href":"https:\/\/plazajuarez.mx\/historico\/wp-json\/wp\/v2\/posts\/88073\/revisions"}],"wp:attachment":[{"href":"https:\/\/plazajuarez.mx\/historico\/wp-json\/wp\/v2\/media?parent=88073"}],"wp:term":[{"taxonomy":"category","embeddable":true,"href":"https:\/\/plazajuarez.mx\/historico\/wp-json\/wp\/v2\/categories?post=88073"},{"taxonomy":"post_tag","embeddable":true,"href":"https:\/\/plazajuarez.mx\/historico\/wp-json\/wp\/v2\/tags?post=88073"}],"curies":[{"name":"wp","href":"https:\/\/api.w.org\/{rel}","templated":true}]}}