{"id":88072,"date":"2019-07-30T04:53:38","date_gmt":"2019-07-30T04:53:38","guid":{"rendered":"http:\/\/plazajuarez.mx\/index\/index.php\/2019\/07\/30\/futbol-nacional-1454\/"},"modified":"2019-07-30T04:53:38","modified_gmt":"2019-07-30T04:53:38","slug":"futbol-nacional-1454","status":"publish","type":"post","link":"https:\/\/plazajuarez.mx\/historico\/futbol-nacional-1454\/","title":{"rendered":"Futbol Nacional"},"content":{"rendered":"<p>#LIGA mx<br \/>Marches\u00edn amaga con despedirse del americanismo<br \/>\u00a0\u00a0 \u00a0\u2022\u00a0\u00a0 \u00a0En redes sociales, el portero de las \u00c1guilas del Am\u00e9rica comparti\u00f3 algunas fotograf\u00edas de sus m\u00e1s recientes logros\u2028<\/p>\n<p>  <!--more-->  <\/p>\n<p>El adi\u00f3s entre el americanismo y el guardameta argentino Agust\u00edn Marches\u00edn estar\u00eda m\u00e1s que cerca, por las pretensiones del Porto por hacerse de sus servicios.\u2028Aunque Marche ha evitado dar declaraciones a la prensa, en sus redes sociales dio se\u00f1ales que parecen de despedida, al menos, as\u00ed lo interpretaron sus m\u00e1s fieles seguidores, quienes le reiteraron en mensajes su cari\u00f1o y s\u00faplicas de &#8220;no te vayas&#8221;. \u2028En redes sociales, el portero de las \u00c1guilas del Am\u00e9rica comparti\u00f3 algunas fotograf\u00edas de sus m\u00e1s recientes logros, cuando conquist\u00f3 con los azulcrema la Copa MX del Clausura 2019 y el Campe\u00f3n de Campeones 2018-19.\u2028Pero minutos despu\u00e9s el arquero borr\u00f3 sus publicaciones. Hay quienes acusan la acci\u00f3n como una estrategia para presionar las negociaciones. El argentino ha sido fundamental para los \u00faltimos logros de los azulcremas.<br \/>**<br \/>#UNAM<br \/>&#8220;Los que quieran creer en Pumas, pueden sumarse&#8221;: Juan Pablo Vig\u00f3n<br \/>\u00a0\u00a0 \u00a0\u2022\u00a0\u00a0 \u00a0Vig\u00f3n a\u00f1adi\u00f3 que la idea futbol\u00edstica de &#8220;M\u00edchel&#8221; ha tomado forma y que el nivel universitario incrementar\u00e1 con el paso del Apertura 2019\u2028<\/p>\n<p>Con dos victorias en la misma cantidad de partidos, los Pumas no se marean porque el Apertura 2019 apenas arranca. Los primeros seis puntos est\u00e1n en la bolsa de los felinos, tranquilos y sin inter\u00e9s de las dudas que genera este nuevo proyecto, bajo la direcci\u00f3n t\u00e9cnica de Miguel Gonz\u00e1lez y la presidencia deportiva de Jes\u00fas Ram\u00edrez.\u2028&#8221;Que crean o no crean [en Pumas]. Nosotros estaremos calladitos con nuestro futbol. Iremos siempre con la mentalidad de ganar y los que quieran creer, pueden sumarse con nosotros&#8221;, se\u00f1al\u00f3 Juan Pablo Vig\u00f3n, quien este domingo se estren\u00f3 como goleador auriazul.\u2028Los universitarios derrotaron al reci\u00e9n ascendido Atl\u00e9tico de San Luis y al Necaxa que no present\u00f3 un plantel competitivo como en el torneo pasado. \u2028&#8221;Estos puntos, al principio del certamen, valen lo mismo que los de la recta final&#8221;, coment\u00f3 Alfredo Sald\u00edvar, guardameta auriazul.\u2028Vig\u00f3n a\u00f1adi\u00f3 que la idea futbol\u00edstica de &#8220;M\u00edchel&#8221; ha tomado forma y que el nivel universitario incrementar\u00e1 con el paso del Apertura 2019. El volante asegur\u00f3 que su debut en el estadio Ol\u00edmpico Universitario fue perfecto, con gol incluido y un triunfo frente a sus nuevos seguidores.<br \/>&#8220;Se dio como yo quer\u00eda. Me motiv\u00f3 mucho festejar frente a una afici\u00f3n tan bonita como la de CU. Esta instituci\u00f3n me recibi\u00f3 muy bien y quiero corresponder sobre la cancha. Estoy muy ilusionado, sobre todo, con lo pies sobre la tierra. Llevar\u00e9 mi humildad a cada partido para seguir mejorando. Soy un jugador que puede aportar mucho&#8221;, expres\u00f3.<br \/>**<br \/>M\u00e9xico falla penalti y empata contra Panam\u00e1 en Panamericanos<\/p>\n<p>Ahora se entiende por qu\u00e9 los futbolistas de la Selecci\u00f3n Mexicana de Futbol se fueron de la Ciudad de M\u00e9xico sin dar una sola declaraci\u00f3n previa al viaje a Lima. El Tricolor es un conjunto mudo en la cancha, que no transmite nada, como sucedi\u00f3 a su salida del pa\u00eds. Un penal fallado en tiempo de compensaci\u00f3n por parte de Jes\u00fas God\u00ednez de Le\u00f3n sentenci\u00f3 empate de M\u00e9xico 0-0 con Panam\u00e1.\u2028El triunfo habr\u00eda sido un resultado injusto para el Tricolor. Decir que fue un juego discreto, es un piropo para calificar el accionar de M\u00e9xico este lunes por la ma\u00f1ana en el Estadio San Marcos empat\u00f3 0-0 con Panam\u00e1.\u2028Tanto el travesa\u00f1o del penal como otro en la parte final del primer tiempo, fueron el mayor peligro que caus\u00f3 el seleccionado mexicano en el arco rival. Aunque fueron due\u00f1os de bal\u00f3n, poco supieron hacer con \u00e9l. Los desbordes y centros se hac\u00edan sin saber si habr\u00eda o no un futbolista en el \u00e1rea.\u2028Si bien es cierto que M\u00e9xico no conform\u00f3 una selecci\u00f3n con los mejores futbolistas disponibles de la categor\u00eda Sub-22, si es un conjunto que transita por la cancha como un cuerpo sin vida. M\u00e9xico se medir\u00e1 el jueves a Argentina.<br \/>**<\/p>\n<p>HOY COMIENZA LA COPA MX Y LOS TUZOS ENTRAN EN ACCI\u00d3N <br \/>ATLAS VS PACHUCA\u00a0 21:06 horas<br \/>TIJUANA VS QUER\u00c9TARO 21 horas<\/p>\n<p>**<\/p>\n","protected":false},"excerpt":{"rendered":"<p>#LIGA mxMarches\u00edn amaga con despedirse del americanismo\u00a0\u00a0 \u00a0\u2022\u00a0\u00a0 \u00a0En redes sociales, el portero de las \u00c1guilas del Am\u00e9rica comparti\u00f3 algunas fotograf\u00edas de sus m\u00e1s recientes logros\u2028<\/p>\n","protected":false},"author":93,"featured_media":0,"comment_status":"open","ping_status":"open","sticky":false,"template":"","format":"standard","meta":{"footnotes":""},"categories":[39],"tags":[],"class_list":["post-88072","post","type-post","status-publish","format-standard","hentry","category-deportiva"],"_links":{"self":[{"href":"https:\/\/plazajuarez.mx\/historico\/wp-json\/wp\/v2\/posts\/88072","targetHints":{"allow":["GET"]}}],"collection":[{"href":"https:\/\/plazajuarez.mx\/historico\/wp-json\/wp\/v2\/posts"}],"about":[{"href":"https:\/\/plazajuarez.mx\/historico\/wp-json\/wp\/v2\/types\/post"}],"author":[{"embeddable":true,"href":"https:\/\/plazajuarez.mx\/historico\/wp-json\/wp\/v2\/users\/93"}],"replies":[{"embeddable":true,"href":"https:\/\/plazajuarez.mx\/historico\/wp-json\/wp\/v2\/comments?post=88072"}],"version-history":[{"count":0,"href":"https:\/\/plazajuarez.mx\/historico\/wp-json\/wp\/v2\/posts\/88072\/revisions"}],"wp:attachment":[{"href":"https:\/\/plazajuarez.mx\/historico\/wp-json\/wp\/v2\/media?parent=88072"}],"wp:term":[{"taxonomy":"category","embeddable":true,"href":"https:\/\/plazajuarez.mx\/historico\/wp-json\/wp\/v2\/categories?post=88072"},{"taxonomy":"post_tag","embeddable":true,"href":"https:\/\/plazajuarez.mx\/historico\/wp-json\/wp\/v2\/tags?post=88072"}],"curies":[{"name":"wp","href":"https:\/\/api.w.org\/{rel}","templated":true}]}}