{"id":88067,"date":"2019-07-30T04:48:23","date_gmt":"2019-07-30T04:48:23","guid":{"rendered":"http:\/\/plazajuarez.mx\/index\/index.php\/2019\/07\/30\/roban-por-cuarta-vez-domicilio-de-diputada-de-morena\/"},"modified":"2019-07-30T04:48:23","modified_gmt":"2019-07-30T04:48:23","slug":"roban-por-cuarta-vez-domicilio-de-diputada-de-morena","status":"publish","type":"post","link":"https:\/\/plazajuarez.mx\/historico\/roban-por-cuarta-vez-domicilio-de-diputada-de-morena\/","title":{"rendered":"Roban por cuarta vez, domicilio de diputada de Morena"},"content":{"rendered":"<p>\u00a0\u00a0\u00a0 \u2022\u00a0\u00a0 \u00a0El \u00faltimo robo fue el domingo cuando se llevaron joyas, dinero en efectivo\u00a0 y varias tarjetas de cr\u00e9dito\u2028<br \/>Forzaron una de las puertas<\/p>\n<p>  <!--more-->  <\/p>\n<p>Por cuarta ocasi\u00f3n robaron en el domicilio de la diputada local\u00a0 de Morena, Noem\u00ed Zitle. Los hechos se registraron este domingo 27 de julio, cuando la legisladora estuvo ausente, por lo que dos sujetos aprovecharon para sustraer joyas, dinero en efectivo\u00a0 y varias tarjetas de cr\u00e9dito, logrando ingresar tras haber forzado una de las puertas, al tiempo que manipularon el switch\u00a0 el\u00e9ctrico.<br \/>En primera instancia se inform\u00f3 que era la segunda ocasi\u00f3n en que hab\u00edan ingresado a robar en el domicilio de la legisladora de Morena, sin embargo m\u00e1s tarde se conoci\u00f3 que era la cuarta ocasi\u00f3n en que desconocidos ingresaron a su casa para llevarse parte de su patrimonio. <br \/>Adem\u00e1s de que, el pasado viernes 26 de julio, a su pap\u00e1 le robaron su taxi del Sitio Comercial Mexicana, unidad que recupero un d\u00eda despu\u00e9s abandonado la Polic\u00eda Municipal de Tula entre los l\u00edmites de Tepeji y Tula en las inmediaciones de la comunidad de Monte Alegre. Anteriormente ya le hab\u00edan robado otra unidad.<br \/>Con referencia al \u00faltimo robo que sufri\u00f3 se se\u00f1al\u00f3 que alrededor de las 18.00 horas del domingo la legisladora regres\u00f3 a su domicilio en la colonia El Carmen, de Tepeji del R\u00edo, ya que hab\u00eda salido desde las seis de la ma\u00f1ana junto con su familia y que al retornar se percataron que la puerta de la entrada hab\u00eda sido forzada.<br \/>Al ingresar detectaron que se hab\u00edan llevado joyas, dinero en efectivo y varias tarjetas de cr\u00e9dito y que al revisar las c\u00e1maras de video vigilancia con la que cuenta en su domicilio se aprecia que a las 16:45 arrib\u00f3 una camioneta Escape color negro de la cual descendieron dos sujetos, adem\u00e1s de que llega otro veh\u00edculo con una persona a bordo que se qued\u00f3 vigilando.<br \/>Dos sujetos forzaron la puerta y una ventana e ingresaron al interior del domicilio, permaneciendo unos 10 minutos. Tambi\u00e9n manipularon el switch el\u00e9ctrico.<br \/>Cabe hacer menci\u00f3n que al conocerse la noticia de que el domicilio de la legisladora ya hab\u00eda sido saqueado en varias ocasiones al lugar arrib\u00f3 el secretario de Seguridad P\u00fablica Estatal, Mauricio Delmar Saavedra, y el procurador Ra\u00fal Arroyo, quienes incluso se transportaron en helic\u00f3ptero.<\/p>\n","protected":false},"excerpt":{"rendered":"<p>\u00a0\u00a0\u00a0 \u2022\u00a0\u00a0 \u00a0El \u00faltimo robo fue el domingo cuando se llevaron joyas, dinero en efectivo\u00a0 y varias tarjetas de cr\u00e9dito\u2028Forzaron una de las puertas<\/p>\n","protected":false},"author":93,"featured_media":0,"comment_status":"open","ping_status":"open","sticky":false,"template":"","format":"standard","meta":{"footnotes":""},"categories":[40],"tags":[],"class_list":["post-88067","post","type-post","status-publish","format-standard","hentry","category-region"],"_links":{"self":[{"href":"https:\/\/plazajuarez.mx\/historico\/wp-json\/wp\/v2\/posts\/88067","targetHints":{"allow":["GET"]}}],"collection":[{"href":"https:\/\/plazajuarez.mx\/historico\/wp-json\/wp\/v2\/posts"}],"about":[{"href":"https:\/\/plazajuarez.mx\/historico\/wp-json\/wp\/v2\/types\/post"}],"author":[{"embeddable":true,"href":"https:\/\/plazajuarez.mx\/historico\/wp-json\/wp\/v2\/users\/93"}],"replies":[{"embeddable":true,"href":"https:\/\/plazajuarez.mx\/historico\/wp-json\/wp\/v2\/comments?post=88067"}],"version-history":[{"count":0,"href":"https:\/\/plazajuarez.mx\/historico\/wp-json\/wp\/v2\/posts\/88067\/revisions"}],"wp:attachment":[{"href":"https:\/\/plazajuarez.mx\/historico\/wp-json\/wp\/v2\/media?parent=88067"}],"wp:term":[{"taxonomy":"category","embeddable":true,"href":"https:\/\/plazajuarez.mx\/historico\/wp-json\/wp\/v2\/categories?post=88067"},{"taxonomy":"post_tag","embeddable":true,"href":"https:\/\/plazajuarez.mx\/historico\/wp-json\/wp\/v2\/tags?post=88067"}],"curies":[{"name":"wp","href":"https:\/\/api.w.org\/{rel}","templated":true}]}}