{"id":88066,"date":"2019-07-30T04:48:22","date_gmt":"2019-07-30T04:48:22","guid":{"rendered":"http:\/\/plazajuarez.mx\/index\/index.php\/2019\/07\/30\/lamentable-situacion-viven-miles-de-tepejanos\/"},"modified":"2019-07-30T04:48:22","modified_gmt":"2019-07-30T04:48:22","slug":"lamentable-situacion-viven-miles-de-tepejanos","status":"publish","type":"post","link":"https:\/\/plazajuarez.mx\/historico\/lamentable-situacion-viven-miles-de-tepejanos\/","title":{"rendered":"Lamentable situaci\u00f3n viven miles de tepejanos"},"content":{"rendered":"<p>\u00a0\u00a0\u00a0 \u2022\u00a0\u00a0 \u00a0Dice la diputada v\u00edctima de la delincuencia, quien asegura que no pidi\u00f3 un trato preferencial\u00a0\u2028<\/p>\n<p>  <!--more-->  <\/p>\n<p>La diputada local por el distrito de Tepeji del R\u00edo, Noem\u00ed Zitle Rivas, tras el \u00faltimo robo que sufri\u00f3 en su domicilio, emiti\u00f3 un comunicado de prensa en el que reconoci\u00f3 que la misma situaci\u00f3n la est\u00e1n viviendo miles de tepejanos a diario quienes viven con zozobra por robos y asaltos. Aclar\u00f3 que no solicit\u00f3 un trato preferencial.<br \/>Zitle Rivas puntualiz\u00f3 que no solicit\u00f3 la presencia de los titulares de la Secretar\u00eda de Seguridad P\u00fablica Estatal, Mauricio Delmar y el procurador de Justicia en el estado, Ra\u00fal Arroyo Gonz\u00e1lez quienes por iniciativa propia decidieron trasladarse al municipio de Tepeji del R\u00edo para atender el asunto de manera personal.<br \/>Pidi\u00f3 que su situaci\u00f3n no sea atendida de forma particular o especial, sino que deben buscarse soluciones para la seguridad del municipio de Tepeji y la regi\u00f3n y que as\u00ed se lo ha venido comentando la poblaci\u00f3n, motivo por el cual en d\u00edas pasado present\u00f3 en tribuna un exhorto al Poder Ejecutivo y la Secretar\u00eda de Seguridad para que atiendan el tema de inseguridad y el crecimiento de robos a casa, asaltos en transporte p\u00fablico y transe\u00fantes.<\/p>\n","protected":false},"excerpt":{"rendered":"<p>\u00a0\u00a0\u00a0 \u2022\u00a0\u00a0 \u00a0Dice la diputada v\u00edctima de la delincuencia, quien asegura que no pidi\u00f3 un trato preferencial\u00a0\u2028<\/p>\n","protected":false},"author":93,"featured_media":0,"comment_status":"open","ping_status":"open","sticky":false,"template":"","format":"standard","meta":{"footnotes":""},"categories":[40],"tags":[],"class_list":["post-88066","post","type-post","status-publish","format-standard","hentry","category-region"],"_links":{"self":[{"href":"https:\/\/plazajuarez.mx\/historico\/wp-json\/wp\/v2\/posts\/88066","targetHints":{"allow":["GET"]}}],"collection":[{"href":"https:\/\/plazajuarez.mx\/historico\/wp-json\/wp\/v2\/posts"}],"about":[{"href":"https:\/\/plazajuarez.mx\/historico\/wp-json\/wp\/v2\/types\/post"}],"author":[{"embeddable":true,"href":"https:\/\/plazajuarez.mx\/historico\/wp-json\/wp\/v2\/users\/93"}],"replies":[{"embeddable":true,"href":"https:\/\/plazajuarez.mx\/historico\/wp-json\/wp\/v2\/comments?post=88066"}],"version-history":[{"count":0,"href":"https:\/\/plazajuarez.mx\/historico\/wp-json\/wp\/v2\/posts\/88066\/revisions"}],"wp:attachment":[{"href":"https:\/\/plazajuarez.mx\/historico\/wp-json\/wp\/v2\/media?parent=88066"}],"wp:term":[{"taxonomy":"category","embeddable":true,"href":"https:\/\/plazajuarez.mx\/historico\/wp-json\/wp\/v2\/categories?post=88066"},{"taxonomy":"post_tag","embeddable":true,"href":"https:\/\/plazajuarez.mx\/historico\/wp-json\/wp\/v2\/tags?post=88066"}],"curies":[{"name":"wp","href":"https:\/\/api.w.org\/{rel}","templated":true}]}}