{"id":88063,"date":"2019-07-30T04:48:14","date_gmt":"2019-07-30T04:48:14","guid":{"rendered":"http:\/\/plazajuarez.mx\/index\/index.php\/2019\/07\/30\/postulan-a-dos-especialistas-para-comision\/"},"modified":"2019-07-30T04:48:14","modified_gmt":"2019-07-30T04:48:14","slug":"postulan-a-dos-especialistas-para-comision","status":"publish","type":"post","link":"https:\/\/plazajuarez.mx\/historico\/postulan-a-dos-especialistas-para-comision\/","title":{"rendered":"Postulan a dos especialistas para Comisi\u00f3n"},"content":{"rendered":"<p>B\u00daSQUEDA DE PERSONAS <br \/>*Se trata de Pablo Vargas Gonz\u00e1lez y Janeth Canales Zenil<\/p>\n<p>  <!--more-->  <\/p>\n<p>Luego de que el Congreso del Estado de Hidalgo eligiera a seis personas que se postularon como candidatos a consejeros Honor\u00edficos del Consejo Estatal Ciudadano de la Comisi\u00f3n de B\u00fasqueda de Personas Desaparecidas del Estado de Hidalgo, tras cumplir con los requisitos establecidos en la convocatoria; tres de Asociaciones Civiles; un especialista; y dos familiares de personas desaparecidas qued\u00f3 una vacante, debido a que se contemplan a dos especialistas m\u00e1s.<\/p>\n<p>Por lo anterior, ayer en el Congreso local se realizaron las entrevistas correspondientes a los dos aspirantes que se registraron como especialistas en el tema en la nueva convocatoria, trat\u00e1ndose de Pablo Vargas Gonz\u00e1lez y Janeth Canales Zenil, quienes son los que se disputan el lugar dentro de la Comisi\u00f3n de B\u00fasqueda de Personas del Estado de Hidalgo.<\/p>\n<p>Ayer las entrevistas se realizaron ante la Comisi\u00f3n Permanente de Gobernaci\u00f3n de la 64 Legislatura, misma que preside el diputado del Partido Revolucionario Institucional (PRI), Jos\u00e9 Luis Espinosa Silva; ser\u00e1n los legisladores quienes dar\u00e1n seguimiento a la convocatoria extraordinaria y el procedimiento para el nombramiento de una o un consejero honor\u00edfico del Consejo Estatal Ciudadano de la Comisi\u00f3n de B\u00fasqueda de Personas Desaparecidas del Estado de Hidalgo.<\/p>\n<p>Finalmente, cabe destacar que de acuerdo con el proceso que deber\u00e1 seguirse, la Comisi\u00f3n\u00a0 de Gobernaci\u00f3n pasar\u00e1 el an\u00e1lisis de las entrevistas a la Junta de Gobierno y ser\u00e1 ah\u00ed d\u00f3nde se definir\u00e1 qui\u00e9n ocupar\u00e1 dicho cargo. Una vez definido se deber\u00e1 formalizar el acuerdo y subirlo al pleno para que sea aprobado y en caso de ser positiva la votaci\u00f3n, el elegido o la elegida deber\u00e1 rendir protesta.<\/p>\n","protected":false},"excerpt":{"rendered":"<p>B\u00daSQUEDA DE PERSONAS *Se trata de Pablo Vargas Gonz\u00e1lez y Janeth Canales Zenil<\/p>\n","protected":false},"author":93,"featured_media":0,"comment_status":"open","ping_status":"open","sticky":false,"template":"","format":"standard","meta":{"footnotes":""},"categories":[59],"tags":[],"class_list":["post-88063","post","type-post","status-publish","format-standard","hentry","category-general"],"_links":{"self":[{"href":"https:\/\/plazajuarez.mx\/historico\/wp-json\/wp\/v2\/posts\/88063","targetHints":{"allow":["GET"]}}],"collection":[{"href":"https:\/\/plazajuarez.mx\/historico\/wp-json\/wp\/v2\/posts"}],"about":[{"href":"https:\/\/plazajuarez.mx\/historico\/wp-json\/wp\/v2\/types\/post"}],"author":[{"embeddable":true,"href":"https:\/\/plazajuarez.mx\/historico\/wp-json\/wp\/v2\/users\/93"}],"replies":[{"embeddable":true,"href":"https:\/\/plazajuarez.mx\/historico\/wp-json\/wp\/v2\/comments?post=88063"}],"version-history":[{"count":0,"href":"https:\/\/plazajuarez.mx\/historico\/wp-json\/wp\/v2\/posts\/88063\/revisions"}],"wp:attachment":[{"href":"https:\/\/plazajuarez.mx\/historico\/wp-json\/wp\/v2\/media?parent=88063"}],"wp:term":[{"taxonomy":"category","embeddable":true,"href":"https:\/\/plazajuarez.mx\/historico\/wp-json\/wp\/v2\/categories?post=88063"},{"taxonomy":"post_tag","embeddable":true,"href":"https:\/\/plazajuarez.mx\/historico\/wp-json\/wp\/v2\/tags?post=88063"}],"curies":[{"name":"wp","href":"https:\/\/api.w.org\/{rel}","templated":true}]}}