{"id":88060,"date":"2019-07-30T04:48:11","date_gmt":"2019-07-30T04:48:11","guid":{"rendered":"http:\/\/plazajuarez.mx\/index\/index.php\/2019\/07\/30\/opinan-modificar-entrega-de-utiles\/"},"modified":"2019-07-30T04:48:11","modified_gmt":"2019-07-30T04:48:11","slug":"opinan-modificar-entrega-de-utiles","status":"publish","type":"post","link":"https:\/\/plazajuarez.mx\/historico\/opinan-modificar-entrega-de-utiles\/","title":{"rendered":"Opinan modificar entrega de \u00fatiles"},"content":{"rendered":"<p>CONGRESO LOCAL\u00a0\u00a0 <br \/>\u00a0\u00a0 \u00a0\u2022\u00a0\u00a0 \u00a0Refiere l\u00edder de papeleros, Ricardo Garc\u00eda, se espera que propuesta sea aprobada, con finalidad de beneficiar a este sector\u2028<\/p>\n<p>  <!--more-->  <\/p>\n<p>El presidente de la Organizaci\u00f3n de Papeler\u00edas Asociadas del Estado de Hidalgo (OPAEH), Ricardo Garc\u00eda Gonz\u00e1lez, afirm\u00f3 que se est\u00e1 en espera de la aprobaci\u00f3n de una iniciativa en el Congreso, el cual permitir\u00eda que el programa de \u00fatiles escolares del gobierno estatal cambie de din\u00e1mica, y que este se realice por medio de cupones y no en especie, como se realizaba en a\u00f1os anteriores. <br \/>\u00a0\u00a0 \u00a0Sobre este tema, afirm\u00f3 desde hace 10 a\u00f1os se ha solicitado a la Secretar\u00eda de Educaci\u00f3n P\u00fablica de Hidalgo (SEPH) que las papeler\u00edas asociadas a esta organizaci\u00f3n sean integradas al programa de \u00fatiles escolares de cada a\u00f1o, y que en esta ocasi\u00f3n afirm\u00f3 que se est\u00e1 pidiendo que la mec\u00e1nica del reparto de los \u00fatiles sea cambiada para beneficiar, en primer lugar, a las microempresas de este ramo. <br \/>\u00a0\u00a0 \u00a0Refiri\u00f3 que hace meses, los fabricantes de uniformes escolares se unieron para solicitar al Congreso local que se realicen cambios en este programa de regreso a clases, y que en este tenor, declar\u00f3 que los papeleros piden que la mec\u00e1nica en el reparto de los \u00fatiles sea distinta, en donde se haga el canje de vales. <br \/>\u00a0\u00a0 \u00a0Manifest\u00f3 que, sobre ello, esta propuesta est\u00e1 en discusi\u00f3n dentro de Congreso local gracias a la iniciativa de la diputada por el Movimiento Regeneraci\u00f3n Nacional (Morena), Lisset Marcelino Tovar, y asever\u00f3 que, de aprobarse, resultar\u00eda en beneficios para los asociados de la OPAEH, y m\u00e1s a las familias hidalguenses. <br \/>\u00a0\u00a0 \u00a0Por otro lado, coment\u00f3 que se han contado con el apoyo de la Secretar\u00eda de Desarrollo Econ\u00f3mico (Sedeco) a trav\u00e9s de financiamientos.<\/p>\n","protected":false},"excerpt":{"rendered":"<p>CONGRESO LOCAL\u00a0\u00a0 \u00a0\u00a0 \u00a0\u2022\u00a0\u00a0 \u00a0Refiere l\u00edder de papeleros, Ricardo Garc\u00eda, se espera que propuesta sea aprobada, con finalidad de beneficiar a este sector\u2028<\/p>\n","protected":false},"author":93,"featured_media":0,"comment_status":"open","ping_status":"open","sticky":false,"template":"","format":"standard","meta":{"footnotes":""},"categories":[59],"tags":[],"class_list":["post-88060","post","type-post","status-publish","format-standard","hentry","category-general"],"_links":{"self":[{"href":"https:\/\/plazajuarez.mx\/historico\/wp-json\/wp\/v2\/posts\/88060","targetHints":{"allow":["GET"]}}],"collection":[{"href":"https:\/\/plazajuarez.mx\/historico\/wp-json\/wp\/v2\/posts"}],"about":[{"href":"https:\/\/plazajuarez.mx\/historico\/wp-json\/wp\/v2\/types\/post"}],"author":[{"embeddable":true,"href":"https:\/\/plazajuarez.mx\/historico\/wp-json\/wp\/v2\/users\/93"}],"replies":[{"embeddable":true,"href":"https:\/\/plazajuarez.mx\/historico\/wp-json\/wp\/v2\/comments?post=88060"}],"version-history":[{"count":0,"href":"https:\/\/plazajuarez.mx\/historico\/wp-json\/wp\/v2\/posts\/88060\/revisions"}],"wp:attachment":[{"href":"https:\/\/plazajuarez.mx\/historico\/wp-json\/wp\/v2\/media?parent=88060"}],"wp:term":[{"taxonomy":"category","embeddable":true,"href":"https:\/\/plazajuarez.mx\/historico\/wp-json\/wp\/v2\/categories?post=88060"},{"taxonomy":"post_tag","embeddable":true,"href":"https:\/\/plazajuarez.mx\/historico\/wp-json\/wp\/v2\/tags?post=88060"}],"curies":[{"name":"wp","href":"https:\/\/api.w.org\/{rel}","templated":true}]}}