{"id":87987,"date":"2019-07-29T04:24:38","date_gmt":"2019-07-29T04:24:38","guid":{"rendered":"http:\/\/plazajuarez.mx\/index\/index.php\/2019\/07\/29\/retratos-hablados-847\/"},"modified":"2019-07-29T04:24:38","modified_gmt":"2019-07-29T04:24:38","slug":"retratos-hablados-847","status":"publish","type":"post","link":"https:\/\/plazajuarez.mx\/historico\/retratos-hablados-847\/","title":{"rendered":"RETRATOS HABLADOS"},"content":{"rendered":"<p>* Pol\u00edtica: no actuar, simplemente ser<\/p>\n<p>  <!--more-->  <\/p>\n<p>A lo largo de mucho tiempo nos hemos acostumbrado a pensar y aceptar, que el ejercicio de la pol\u00edtica est\u00e1 reducido a un selecto grupo de hombres y mujeres, poseedores de una inteligencia \u00fanica, una intuici\u00f3n privilegiada y un car\u00e1cter propio de verdaderos dioses y diosas de la mitolog\u00eda griega.<br \/>Nada hay m\u00e1s alejado de esta concepci\u00f3n de la pol\u00edtica y sus protagonistas, porque al final de cuentas es una de las actividades m\u00e1s humanas que se puedan concebir, y por lo tanto depender\u00e1 en su ejercicio de la naturaleza de quien la ejerza.<br \/>Por supuesto es necesaria la preparaci\u00f3n y la inteligencia, pero al final del d\u00eda es la propia persona quien finalmente lleve al actuar pol\u00edtico lo mejor o lo peor de su naturaleza. Pensar que quien se dedica a esta actividad deber\u00e1 ser uno en el escenario, y otro diametralmente opuesto en la vida cotidiana, es un error que se comete con bastante frecuencia, aunque en muchos casos es posible ver esta disociaci\u00f3n de la personalidad.<br \/>Porque algunos y algunas, muchos-muchas, est\u00e1n seguros que el padre de familia, el hermano, el hijo, el t\u00edo, necesariamente nada deben tener que ver con el que desempe\u00f1a un cargo de elecci\u00f3n popular, que uno es uno, y otro es otro, as\u00ed de simple y absurdo.<br \/>Se trata de una actuaci\u00f3n, y entre m\u00e1s puedan diferenciar al de la vida cotidiana del que resulta ser un histri\u00f3n de alto nivel, creen que el resultado ser\u00e1 mejor.<br \/>Empiezo a pensar que no debe ser as\u00ed, que el padre, la madre de familia, ejercer\u00e1 de mejor manera su cargo cuando decida no renegar de lo que es, de lo que representa el orgullo leg\u00edtimo de practicar la pol\u00edtica en su mejor acepci\u00f3n, es decir en la tarea de servir a sus semejantes. <br \/>Nadie sale de la casa disfrazado para trabajar. Ser\u00eda un absurdo y tendr\u00eda como explicaci\u00f3n la gran verg\u00fcenza que provoca su tarea diaria para ganar el sustento familiar.<br \/>Cualquier persona en su sano juicio, entender\u00e1 que a toda costa pretender separar el car\u00e1cter natural que se lleva en el hogar, del que se aplica en el trabajo es una tarea lamentable que acaba por confundir a cualquiera. <br \/>A todo lo anterior viene la constante de que todos, o casi todos los habitantes de este planeta, pretendemos hacer el bien a quienes nos confiaron alguna responsabilidad. Aunque evidentemente hay los casos que el objetivo es todo lo contrario, aunque eso habla de una severa enfermedad mental.<br \/>Existe, pues, la pretensi\u00f3n de ser personas buenas, la intenci\u00f3n, una incesante b\u00fasqueda. Y el bueno pol\u00edtico sin duda que fortalece sus intenciones en la calma y paciencia de su propio hogar, junto a los que ama y seguro ama. <br \/>Por eso parece preciso el instante, el momento en que dejemos de pensar que solo es asunto de una casta selecta de personas, y que tienen un car\u00e1cter \u00fanico para enfrentar toda la problem\u00e1tica que les toca atender.<br \/>Sucede lo mismo con los ni\u00f1os, los adolescentes.<br \/>Cuando usted se atraviesa en el camino de un adolescente, un joven que conduce con singular agresividad su autom\u00f3vil \u00faltimo modelo porque lleva prisa para llegar al bar con sus amigos de igual cala\u00f1a, entenderemos que esa prepotencia y altaner\u00eda no hacen sino reflejar el clima de violencia que viven en sus hogares, si as\u00ed se puede llamar al lugar donde viven, con todo y los lujos de estar en una zona privilegiada.<br \/>Lo mismo pasa con los pol\u00edticos, que no hacen sino reflejar en su ejercicio de poder lo que abrevaron en sus casas de ni\u00f1os, j\u00f3venes y adultos, y lo que hoy mismo inspiran en sus descendientes.<br \/>Por eso la pol\u00edtica, su ejercicio, deber\u00e1 estar abierto a mortales simples, sencillos, pero fundamentalmente sensibles, creadores de un primer escenario que es el lugar que habitan con los que ama y lo aman, y que seguramente les permitir\u00e1, ya en el poder, simplemente buscar el bien de sus semejantes.<\/p>\n<p>Mil gracias, hasta ma\u00f1ana.<\/p>\n<p>jeperalta@plazajuarez.mx\/historico\/historico<br \/>@JavierEPeralta<br \/>\u00a0\u00a0 \u00a0<\/p>\n","protected":false},"excerpt":{"rendered":"<p>* Pol\u00edtica: no actuar, simplemente ser<\/p>\n","protected":false},"author":93,"featured_media":0,"comment_status":"open","ping_status":"open","sticky":false,"template":"","format":"standard","meta":{"footnotes":""},"categories":[49],"tags":[],"class_list":["post-87987","post","type-post","status-publish","format-standard","hentry","category-javier-peralta"],"_links":{"self":[{"href":"https:\/\/plazajuarez.mx\/historico\/wp-json\/wp\/v2\/posts\/87987","targetHints":{"allow":["GET"]}}],"collection":[{"href":"https:\/\/plazajuarez.mx\/historico\/wp-json\/wp\/v2\/posts"}],"about":[{"href":"https:\/\/plazajuarez.mx\/historico\/wp-json\/wp\/v2\/types\/post"}],"author":[{"embeddable":true,"href":"https:\/\/plazajuarez.mx\/historico\/wp-json\/wp\/v2\/users\/93"}],"replies":[{"embeddable":true,"href":"https:\/\/plazajuarez.mx\/historico\/wp-json\/wp\/v2\/comments?post=87987"}],"version-history":[{"count":0,"href":"https:\/\/plazajuarez.mx\/historico\/wp-json\/wp\/v2\/posts\/87987\/revisions"}],"wp:attachment":[{"href":"https:\/\/plazajuarez.mx\/historico\/wp-json\/wp\/v2\/media?parent=87987"}],"wp:term":[{"taxonomy":"category","embeddable":true,"href":"https:\/\/plazajuarez.mx\/historico\/wp-json\/wp\/v2\/categories?post=87987"},{"taxonomy":"post_tag","embeddable":true,"href":"https:\/\/plazajuarez.mx\/historico\/wp-json\/wp\/v2\/tags?post=87987"}],"curies":[{"name":"wp","href":"https:\/\/api.w.org\/{rel}","templated":true}]}}