{"id":87986,"date":"2019-07-29T04:24:36","date_gmt":"2019-07-29T04:24:36","guid":{"rendered":"http:\/\/plazajuarez.mx\/index\/index.php\/2019\/07\/29\/periodismo-y-poder-un-ejercicio-de-imaginacion\/"},"modified":"2019-07-29T04:24:36","modified_gmt":"2019-07-29T04:24:36","slug":"periodismo-y-poder-un-ejercicio-de-imaginacion","status":"publish","type":"post","link":"https:\/\/plazajuarez.mx\/historico\/periodismo-y-poder-un-ejercicio-de-imaginacion\/","title":{"rendered":"Periodismo y poder \u2028(Un ejercicio de imaginaci\u00f3n)"},"content":{"rendered":"<p>FAMILIA POL\u00cdTICA<\/p>\n<p>\u201cUn pueblo puede agitarse por lo<br \/>que la prensa diga, pero puede <br \/>morir por lo que la prensa calle.\u201d.<br \/>Francisco Zarco<\/p>\n<p>  <!--more-->  <\/p>\n<p>Hace unos d\u00edas, muy temprano, por televisi\u00f3n, fui testigo circunstancial de un inveros\u00edmil rega\u00f1o, con formato de pol\u00e9mica, entre el representante de una importante revista de circulaci\u00f3n nacional y un personaje que se ubica, por ahora, en la c\u00faspide del poder en nuestro pa\u00eds. \u00c9ste, increpaba al periodista m\u00e1s o menos con las siguientes palabras: \u201cSu revista no se port\u00f3 bien con nosotros; ya casi no la leo desde la muerte de su fundador\u201d. El interpelado replicaba que no es papel de la prensa \u201cportarse bien\u201d con los transitorios hombres o mujeres que se encuentran, por voto popular o decisi\u00f3n administrativa, al frente de las instituciones. En la contrarr\u00e9plica salieron a relucir nombres de Periodistas (as\u00ed, con may\u00fascula) cuya actuaci\u00f3n se dio en diferentes tiempos de la historia de M\u00e9xico.<br \/>\u00a0\u00a0 \u00a0Me queda claro que el periodismo y la literatura suelen marchar de manera paralela; esto es, hay quien escribe en peri\u00f3dicos sin ser periodista, no por ello su opini\u00f3n deja de influir en su entorno. <br \/>\u00a0\u00a0 \u00a0As\u00ed, vino a mi memoria la figura de Don Jos\u00e9 Joaqu\u00edn Fern\u00e1ndez de Lizardi, durante la \u00e9poca independentista. El Pensador Mexicano era mordaz, cr\u00edtico, ir\u00f3nico; fue autor de la primera novela escrita en latinoam\u00e9rica El Periquillo Sarniento. \u00bfCu\u00e1l ser\u00eda su actitud si tuviera oportunidad de asistir a una conferencia ma\u00f1anera, convocado por la 4T? <br \/>\u00a0\u00a0 \u00a0En esa misma \u00e9poca era popular la figura de El Negrito Poeta, analfabeta que deambulaba por las calles de la capital novohispana. Algunos ociosos gustaban de darle alguna frase octos\u00edlaba, para que, con base en ella, el famoso negro improvisara un perfecto cuarteto. Ejemplo de ello fue cuando un cura de apellido Zamudio, le pregunt\u00f3 a bocajarro: \u201c\u00bfT\u00fa eres el negro poeta?\u201d el aludido moreno contest\u00f3: \u201cAunque sin ning\u00fan estudio\/y a no ser por esta jeta\/fuera otro padre Zamudio\u201d. El juglaresco personaje de la primera transformaci\u00f3n, \u00bfse \u201cportar\u00eda bien\u201d en un foro abierto, ante la mism\u00edsima figura de un mandatario republicano de nuestro siglo?<br \/>\u00a0\u00a0 \u00a0Jos\u00e9 Guadalupe Posadas, el irreverente creador de La Catrina, sat\u00edrico ridiculizador de la sociedad porfirista y sus afrancesadas man\u00edas; no fue precisamente un incondicional del poder, sino todo lo contrario. En este caso, con seguridad establecer\u00eda una clara diferencia entre dos facetas de un mismo personaje, si se considera que muchos a\u00f1os fue oposici\u00f3n, antes de llegar al poder que combati\u00f3 \u00bfCon cu\u00e1l de los dos se \u201cportar\u00eda bien\u201d?<br \/>\u00a0\u00a0 \u00a0Jes\u00fas, Ricardo y Enrique, los hermanos Flores Mag\u00f3n, revolucionarios, combativos y liberales por naturaleza, un tanto influidos por las tesis anarquistas, desde las p\u00e1ginas de Regeneraci\u00f3n y otras publicaciones, arremet\u00edan de manera temeraria en contra del r\u00e9gimen autoritario; la c\u00e1rcel estuvo en su camino. En lo personal, creo que su circunstancia, \u00e9tica y belicoso temperamento, les impedir\u00eda \u201cportarse bien\u201d ante cualquier poderoso, sin importar su pasado de luchador social. El poder es el poder. Aunque la historia est\u00e9 detr\u00e1s, cuando una persona, movimiento, partido, facci\u00f3n\u2026 gana el gobierno, irremediablemente pierde la oposici\u00f3n.<br \/>\u00a0\u00a0 \u00a0Lo dicho: Periodismo y Literatura suelen confundirse por el manejo del idioma; el profesionalismo y la actitud p\u00fablica de quien elige esa actividad para transitar por su vida biogr\u00e1fica. La Revoluci\u00f3n Mexicana gener\u00f3 una pl\u00e9yade de escritores: poetas, novelistas, ensayistas, narradores de todo tipo. Formaron una escuela que abrev\u00f3 en la fuente ideol\u00f3gica, castrense y social en el M\u00e9xico del Siglo XX. As\u00ed, por ejemplo, Salvador D\u00edaz Mir\u00f3n, veracruzano autor de broncos cuartetos y belicosas actitudes en su vida p\u00fablica y privada, perdi\u00f3 autoridad period\u00edstica por su conducta servil. Se recuerda con verg\u00fcenza su lacayuna pose ante El Chacal, cuando, en las p\u00e1ginas de su peri\u00f3dico El Imparcial, escrib\u00eda: \u201cHoy estuvo en nuestra redacci\u00f3n el magn\u00e1nimo Presidente Victoriano Huerta y a su paso dej\u00f3 un perfume de gloria\u201d. Con seguridad, D\u00edaz Mir\u00f3n har\u00eda lo mismo con cualquier detentador del poder p\u00fablico.<br \/>\u00a0\u00a0 \u00a0Tambi\u00e9n templados en la fragua de La Revoluci\u00f3n, otros intelectuales y periodistas como Mariano Azuela, Renato Leduc, Agust\u00edn Y\u00e1\u00f1ez, el General Francisco L. Urquizo y otros que se nutrieron indirectamente de la misma fuente: Roberto Blanco Moheno, Alejandro G\u00f3mez Arias, Carlos Fuentes, Octavio Paz\u2026 en su \u00e1mbito espacio-temporal adoptaron actitudes ante el poder, de cr\u00edtica o condicionada aceptaci\u00f3n, sin perder su dignidad ni su decoro.<br \/>Quede claro: todo periodista es un ser humano. Sus filias y fobias en materia pol\u00edtica, no pueden condicionarse por el prurito banal de alguien que los llame a \u201cportarse bien\u201d, por poderoso que sea, o se sienta. Desde luego, la pureza ideol\u00f3gica no existe. Un comunicador o artista, de manera abierta o discreta, tiene simpat\u00eda y hasta militancia en alguna corriente pol\u00edtica y suele defenderla con pasi\u00f3n. Desde mi punto de vista, eso no rompe con la \u00e9tica cuando lo hace sin mancharse las manos o la consciencia con la indigna d\u00e1diva.<br \/>Otros expertos en el manejo de la pluma, pueden estar sistem\u00e1ticamente en contra de todo lo que huela a poder. \u00c9sta llega a ser una actitud ante la vida, independientemente de la calidad pol\u00edtica, \u00e9tica y leg\u00edtima de los gobernantes. El poder per se, es enemigo de cierta prensa con esp\u00edritu nihilista. Ante ellos parece ser v\u00e1lida la frase \u201cEstoy contigo mientras seas oposici\u00f3n, pero estar\u00e9 en tu contra si un d\u00eda llegas a ser gobierno\u201d.<br \/>En conclusi\u00f3n: cada quien es libre de dar a la prensa en general y a los periodistas en particular, el liderazgo de opini\u00f3n que su pluma conquiste. Desde luego, puede no ser mejor la prensa que dice lo que yo quiero leer. En el profesional del periodismo y a\u00fan en quien escribe sin afanes utilitarios, la orientaci\u00f3n axiol\u00f3gica no debe ser \u201cquedar bien\u201d con el mejor postor, sino defender convicciones sinceras, sin m\u00e1s inter\u00e9s que la congruencia. <br \/>Es importante entender que nadie debe escribir, si no es capaz de reconocer los aciertos de sus adversarios o de criticar los errores de sus amigos; quien no lo haga as\u00ed, entrar\u00e1 en la clasificaci\u00f3n de vulgar \u201cchayotero\u201d que \u201cse porta bien\u201d con quien mejor le unta la mano. <\/p>\n","protected":false},"excerpt":{"rendered":"<p>FAMILIA POL\u00cdTICA \u201cUn pueblo puede agitarse por loque la prensa diga, pero puede morir por lo que la prensa calle.\u201d.Francisco Zarco<\/p>\n","protected":false},"author":93,"featured_media":0,"comment_status":"open","ping_status":"open","sticky":false,"template":"","format":"standard","meta":{"footnotes":""},"categories":[50],"tags":[],"class_list":["post-87986","post","type-post","status-publish","format-standard","hentry","category-prisciliano-gutierrez"],"_links":{"self":[{"href":"https:\/\/plazajuarez.mx\/historico\/wp-json\/wp\/v2\/posts\/87986","targetHints":{"allow":["GET"]}}],"collection":[{"href":"https:\/\/plazajuarez.mx\/historico\/wp-json\/wp\/v2\/posts"}],"about":[{"href":"https:\/\/plazajuarez.mx\/historico\/wp-json\/wp\/v2\/types\/post"}],"author":[{"embeddable":true,"href":"https:\/\/plazajuarez.mx\/historico\/wp-json\/wp\/v2\/users\/93"}],"replies":[{"embeddable":true,"href":"https:\/\/plazajuarez.mx\/historico\/wp-json\/wp\/v2\/comments?post=87986"}],"version-history":[{"count":0,"href":"https:\/\/plazajuarez.mx\/historico\/wp-json\/wp\/v2\/posts\/87986\/revisions"}],"wp:attachment":[{"href":"https:\/\/plazajuarez.mx\/historico\/wp-json\/wp\/v2\/media?parent=87986"}],"wp:term":[{"taxonomy":"category","embeddable":true,"href":"https:\/\/plazajuarez.mx\/historico\/wp-json\/wp\/v2\/categories?post=87986"},{"taxonomy":"post_tag","embeddable":true,"href":"https:\/\/plazajuarez.mx\/historico\/wp-json\/wp\/v2\/tags?post=87986"}],"curies":[{"name":"wp","href":"https:\/\/api.w.org\/{rel}","templated":true}]}}