{"id":87985,"date":"2019-07-29T04:24:34","date_gmt":"2019-07-29T04:24:34","guid":{"rendered":"http:\/\/plazajuarez.mx\/index\/index.php\/2019\/07\/29\/crecimiento-economico-en-mexico-la-apuesta-por-la-recesion-de-la-oposicion\/"},"modified":"2019-07-29T04:24:34","modified_gmt":"2019-07-29T04:24:34","slug":"crecimiento-economico-en-mexico-la-apuesta-por-la-recesion-de-la-oposicion","status":"publish","type":"post","link":"https:\/\/plazajuarez.mx\/historico\/crecimiento-economico-en-mexico-la-apuesta-por-la-recesion-de-la-oposicion\/","title":{"rendered":"Crecimiento econ\u00f3mico en M\u00e9xico, la apuesta por la recesi\u00f3n de la oposici\u00f3n"},"content":{"rendered":"<p>N\u00daMERO CLAROS<br \/>\u00a0\u00a0 \u00a0\u2022\u00a0\u00a0 \u00a0En el marco de la globalizaci\u00f3n de la econom\u00eda, el crecimiento de una econom\u00eda nacional no depende s\u00f3lo de la pol\u00edtica econ\u00f3mica\u2026\u00a0\u00a0\u2028<\/p>\n<p>  <!--more-->  <\/p>\n<p>El debate entre la oposici\u00f3n y el presidente Andr\u00e9s Manuel L\u00f3pez Obrador (AMLO) sobre el crecimiento de la econom\u00eda va en aumento, y sus detractores se preparan para destruirlo con sus cr\u00edticas. El punto toral de la discusi\u00f3n se producir\u00e1 a finales de este mes cuando el Inegi d\u00e9 a conocer los datos adelantados sobre el crecimiento, pero ser\u00e1 en agosto cuando se conozcan los datos sobre el crecimiento del PIB durante el segundo trimestre, con lo cual se podr\u00e1 saber si se han acumulado tres trimestres consecutivos de reducci\u00f3n en las tasas de crecimiento de la econom\u00eda nacional y saber si el pa\u00eds est\u00e1 o no en recesi\u00f3n.<br \/>Sin embargo, en el marco de la globalizaci\u00f3n de la econom\u00eda, el crecimiento de una econom\u00eda nacional no depende s\u00f3lo de la pol\u00edtica econ\u00f3mica que implemente uno u otro gobierno. Las pol\u00edticas que asuman los gobiernos nacionales, como ha sido la pol\u00edtica fiscal reciente del presidente de los Estados Unidos, Donald Trump, tienen externalidades que afectan a otros pa\u00edses como M\u00e9xico; por lo que no se puede ver a la econom\u00eda nacional aislada del contexto internacional y de la realidad que enfrenta hoy la econom\u00eda mundial para crecer.<br \/>En realidad, al margen del pesimismo de los bancos y de los adversarios del presidente de M\u00e9xico, los cuales apuestan por un crecimiento cero, y el optimismo del propio presidente por crecer en un dos por ciento en este a\u00f1o, el panorama de la econom\u00eda mundial es sombr\u00edo y las recientes declaraciones del FMI lo confirman, pues este organismo internacional est\u00e1 consciente que las secuelas de la crisis de 2008 y el bajo crecimiento potencial siguen frenando la recuperaci\u00f3n, donde los riesgos financieros y geopol\u00edticos siguen nublando el panorama internacional, en el marco del cual la desaceleraci\u00f3n del comercio frena el crecimiento global.<br \/>De aqu\u00ed que esta semana, una vez m\u00e1s, el FMI ha revisado a la baja sus pron\u00f3sticos de crecimiento global para 2019, dej\u00e1ndolo en 3.2. Pero sus proyecciones para el crecimiento del comercio internacional no son m\u00e1s afortunadas, pues han ca\u00eddo a un 2.5 por ciento solamente, una contracci\u00f3n sustancial respecto a la estimaci\u00f3n previa del 3.4 por ciento.<br \/>El FMI en su comunicado ha se\u00f1alado que est\u00e1 empezando a medir mejor los da\u00f1os causados por la guerra comercial entre los Estados Unidos y China sobre el crecimiento mundial. De este modo, el FMI revis\u00f3 a la baja su pron\u00f3stico de crecimiento global este martes pasado y lo dej\u00f3 en 3.2% para este a\u00f1o y en 3.5% para 2020, una disminuci\u00f3n de 0.1% en ambos casos.<br \/>Con un crecimiento global moderado y riesgos a la baja, dominando las perspectivas, la econom\u00eda mundial se encuentra en una coyuntura delicada. Algo alentador es que, como en el informe anterior publicado en abril pasado, el FMI no prev\u00e9 una recesi\u00f3n, s\u00f3lo tiene la sensaci\u00f3n de que los riesgos han aumentado; lo anterior, debido a las tensiones tecnol\u00f3gicas y comerciales, el temor de que el Reino Unido deje a la Uni\u00f3n Europea sin acuerdo y sin pagar la factura de su salida, una desaceleraci\u00f3n en las manufacturas y una ca\u00edda en la confianza empresarial.<br \/>El principal s\u00edntoma de todo estos, es la incertidumbre sobre el crecimiento del comercio mundial, del cual el FMI ve una desaceleraci\u00f3n del 0.5% en el primer trimestre de 2019, su nivel m\u00e1s bajo desde 2012. Gran parte de este pesimismo del comercio mundial es debido al resurgimiento del proteccionismo comercial, al aumento de las barreras comerciales, sobre bienes que abarcan un valor de m\u00e1s de 340 mil millones de d\u00f3lares sujetos a aranceles o restricciones, seg\u00fan la OMC; de aqu\u00ed que el pron\u00f3stico de crecimiento para el comercio mundial haya ca\u00eddo de 3.4% a 2.5%, nivel muy alto si se considera que en 2017 el comercio creci\u00f3 un 5.5%.<br \/>El FMI ha se\u00f1alado que espera que el crecimiento global recupere entre 2019 y 2020, pero existen riesgos significativos que lo amenazan, especialmente porque depende de la recuperaci\u00f3n de los pa\u00edses cuyas econom\u00edas est\u00e1n bajo estr\u00e9s, tales como Argentina, Turqu\u00eda, Brasil o Venezuela; por lo que el Organismo multilateral alienta a los estados a hacer todo lo posible para apoyar el crecimiento, instrumentando pol\u00edticas monetarias flexibles y pol\u00edticas fiscales adecuada, que estimulen el crecimiento.<br \/>Por esta raz\u00f3n, se\u00f1alamos que no es un capricho del presidente AMLO insistir en impulsar el crecimiento econ\u00f3mico a partir de la demanda interna y el dinero p\u00fablico; pero los efectos de la pol\u00edtica econ\u00f3mica elegida no dependen necesariamente del esfuerzo nacional para superar el crecimiento de la econom\u00eda mexicana, la cual estima el FMI que crecer\u00e1 en s\u00f3lo 0.9% en este a\u00f1o y en 1.9% en 2020, pues las condiciones econ\u00f3micas del entorno internacional son adversar a M\u00e9xico; sin embargo, hacer el mejor esfuerzo para que la econom\u00eda mexicana pueda crecer, es mejor que desatar la especulaci\u00f3n sobre su recesi\u00f3n.<\/p>\n","protected":false},"excerpt":{"rendered":"<p>N\u00daMERO CLAROS\u00a0\u00a0 \u00a0\u2022\u00a0\u00a0 \u00a0En el marco de la globalizaci\u00f3n de la econom\u00eda, el crecimiento de una econom\u00eda nacional no depende s\u00f3lo de la pol\u00edtica econ\u00f3mica\u2026\u00a0\u00a0\u2028<\/p>\n","protected":false},"author":93,"featured_media":0,"comment_status":"open","ping_status":"open","sticky":false,"template":"","format":"standard","meta":{"footnotes":""},"categories":[45],"tags":[],"class_list":["post-87985","post","type-post","status-publish","format-standard","hentry","category-jose-luis-ortiz-santillan"],"_links":{"self":[{"href":"https:\/\/plazajuarez.mx\/historico\/wp-json\/wp\/v2\/posts\/87985","targetHints":{"allow":["GET"]}}],"collection":[{"href":"https:\/\/plazajuarez.mx\/historico\/wp-json\/wp\/v2\/posts"}],"about":[{"href":"https:\/\/plazajuarez.mx\/historico\/wp-json\/wp\/v2\/types\/post"}],"author":[{"embeddable":true,"href":"https:\/\/plazajuarez.mx\/historico\/wp-json\/wp\/v2\/users\/93"}],"replies":[{"embeddable":true,"href":"https:\/\/plazajuarez.mx\/historico\/wp-json\/wp\/v2\/comments?post=87985"}],"version-history":[{"count":0,"href":"https:\/\/plazajuarez.mx\/historico\/wp-json\/wp\/v2\/posts\/87985\/revisions"}],"wp:attachment":[{"href":"https:\/\/plazajuarez.mx\/historico\/wp-json\/wp\/v2\/media?parent=87985"}],"wp:term":[{"taxonomy":"category","embeddable":true,"href":"https:\/\/plazajuarez.mx\/historico\/wp-json\/wp\/v2\/categories?post=87985"},{"taxonomy":"post_tag","embeddable":true,"href":"https:\/\/plazajuarez.mx\/historico\/wp-json\/wp\/v2\/tags?post=87985"}],"curies":[{"name":"wp","href":"https:\/\/api.w.org\/{rel}","templated":true}]}}