{"id":86197,"date":"2019-07-01T04:43:16","date_gmt":"2019-07-01T04:43:16","guid":{"rendered":"http:\/\/plazajuarez.mx\/index\/index.php\/2019\/07\/01\/indigenas-esperan-cancelacion-de-tenis-de-nike-por-simbolo-de-su-etnia\/"},"modified":"2019-07-01T04:43:16","modified_gmt":"2019-07-01T04:43:16","slug":"indigenas-esperan-cancelacion-de-tenis-de-nike-por-simbolo-de-su-etnia","status":"publish","type":"post","link":"https:\/\/plazajuarez.mx\/historico\/indigenas-esperan-cancelacion-de-tenis-de-nike-por-simbolo-de-su-etnia\/","title":{"rendered":"Ind\u00edgenas esperan cancelaci\u00f3n de tenis de Nike por s\u00edmbolo de su etnia"},"content":{"rendered":"<p>Otro caso de plagio <br \/>\u00a0\u00a0 \u00a0\u2022\u00a0\u00a0 \u00a0El abogado del Congreso General Guna asegur\u00f3 que si la marca no los retira tendr\u00e1n que negociar o ir a los tribunales, pues su pueblo no le autoriz\u00f3 las uso a la multinacional\u2028<\/p>\n<p>  <!--more-->  <\/p>\n<p>El pueblo guna de Panam\u00e1 se encuentra a la espera de que la multinacional Nike confirme la cancelaci\u00f3n de unos tenis que tienen como estampado el ic\u00f3nico s\u00edmbolo de esta etnia ind\u00edgena, la mola, y cuyo lanzamiento fue suspendido temporalmente el mes pasado. &#8220;Gracias a las redes (sociales) y a la solidaridad internacional, se pudo parar el lanzamiento de los tenis previsto para junio, pero no sabemos qu\u00e9 ha pasado con los fabricados, si los est\u00e1n regalando o si est\u00e1n en un dep\u00f3sito&#8221;, arm\u00f3 este viernes a Efe Atencio L\u00f3pez, abogado del Congreso General Guna. &#8220;Si no confirma qu\u00e9 va a hacer, tenemos que negociar (una compensaci\u00f3n por usar la mola) o ir a los tribunales&#8221;, advirti\u00f3. Los gunas denunciaron en mayo pasado que la compa\u00f1\u00eda estadounidense ten\u00eda previsto lanzar sin su consentimiento una edici\u00f3n especial de tenis deportivos &#8220;Air Force 1 Low&#8221; dedicados a Puerto Rico con un estampado muy similar a la mola. La mola, que aspira a ser incluida en la lista de patrimonio cultural inmaterial de la Unesco, es la m\u00e1xima expresi\u00f3n art\u00edstica del pueblo guna, una de las siete etnias ind\u00edgenas que existen en Panam\u00e1. Se trata de un textil de llamativos colores y dibujos geom\u00e9tricos y figurativos, que se usa en prendas de vestir, cuadros u objetos de adorno y que est\u00e1 registrada legalmente en Panam\u00e1. El abogado L\u00f3pez asegur\u00f3 que las grandes firmas usaron durante a\u00f1os su &#8220;fortaleza&#8221; para silenciar las denuncias de plagio, pero los pueblos ind\u00edgenas &#8220;se han cansado y est\u00e1n reclamando lo suyo&#8221;. Prueba de ello, agreg\u00f3, es el contencioso que tambi\u00e9n mantiene M\u00e9xico con la marca de alta costura Carolina Herrera por el uso no autorizado de unos bordados t\u00edpicos de varios pueblos ind\u00edgenas de los estados mexicanos de Hidalgo y Oaxaca. <\/p>\n","protected":false},"excerpt":{"rendered":"<p>Otro caso de plagio \u00a0\u00a0 \u00a0\u2022\u00a0\u00a0 \u00a0El abogado del Congreso General Guna asegur\u00f3 que si la marca no los retira tendr\u00e1n que negociar o ir a los tribunales, pues su pueblo no le autoriz\u00f3 las uso a la multinacional\u2028<\/p>\n","protected":false},"author":93,"featured_media":0,"comment_status":"open","ping_status":"open","sticky":false,"template":"","format":"standard","meta":{"footnotes":""},"categories":[41],"tags":[],"class_list":["post-86197","post","type-post","status-publish","format-standard","hentry","category-arteria-cultural"],"_links":{"self":[{"href":"https:\/\/plazajuarez.mx\/historico\/wp-json\/wp\/v2\/posts\/86197","targetHints":{"allow":["GET"]}}],"collection":[{"href":"https:\/\/plazajuarez.mx\/historico\/wp-json\/wp\/v2\/posts"}],"about":[{"href":"https:\/\/plazajuarez.mx\/historico\/wp-json\/wp\/v2\/types\/post"}],"author":[{"embeddable":true,"href":"https:\/\/plazajuarez.mx\/historico\/wp-json\/wp\/v2\/users\/93"}],"replies":[{"embeddable":true,"href":"https:\/\/plazajuarez.mx\/historico\/wp-json\/wp\/v2\/comments?post=86197"}],"version-history":[{"count":0,"href":"https:\/\/plazajuarez.mx\/historico\/wp-json\/wp\/v2\/posts\/86197\/revisions"}],"wp:attachment":[{"href":"https:\/\/plazajuarez.mx\/historico\/wp-json\/wp\/v2\/media?parent=86197"}],"wp:term":[{"taxonomy":"category","embeddable":true,"href":"https:\/\/plazajuarez.mx\/historico\/wp-json\/wp\/v2\/categories?post=86197"},{"taxonomy":"post_tag","embeddable":true,"href":"https:\/\/plazajuarez.mx\/historico\/wp-json\/wp\/v2\/tags?post=86197"}],"curies":[{"name":"wp","href":"https:\/\/api.w.org\/{rel}","templated":true}]}}