{"id":86191,"date":"2019-07-01T04:37:33","date_gmt":"2019-07-01T04:37:33","guid":{"rendered":"http:\/\/plazajuarez.mx\/index\/index.php\/2019\/07\/01\/trump-celebra-historico-encuentro-con-kim-jong-un\/"},"modified":"2019-07-01T04:37:33","modified_gmt":"2019-07-01T04:37:33","slug":"trump-celebra-historico-encuentro-con-kim-jong-un","status":"publish","type":"post","link":"https:\/\/plazajuarez.mx\/historico\/trump-celebra-historico-encuentro-con-kim-jong-un\/","title":{"rendered":"Trump celebra hist\u00f3rico encuentro con Kim Jong-un"},"content":{"rendered":"<p>EN FRONTERA INTERCOREANA <br \/>\u00a0\u00a0 \u00a0\u2022\u00a0\u00a0 \u00a0Es el primer presidente estadounidense que pisa territorio norcoreano\u2028<\/p>\n<p>  <!--more-->  <\/p>\n<p>Se\u00fal.- El presidente estadounidense, Donald Trump, se ha visto en la frontera intercoreana con el l\u00edder norcoreano, Kim Jong-un, un breve encuentro cargado de simbolismo hist\u00f3rico y destinado a reactivar el di\u00e1logo entre las dos Coreas.<\/p>\n<p>Es la primera vez que l\u00edderes de Estados Unidos y Corea del Norte se re\u00fanen en esta frontera y adem\u00e1s Trump ha cruzado la l\u00ednea divisoria y se ha convertido en el primer presidente estadounidense que pisa jam\u00e1s territorio norcoreano.<\/p>\n<p>Trump sali\u00f3 primero del edificio conocido como Freedom House, situado en el sur de la Zona de Seguridad Conjunta (JSA), en el coraz\u00f3n de la zona desmilitarizada (DMZ) que divide ambas Coreas, que permanecen en guerra desde los cincuenta.<\/p>\n<p>Kim se aproxim\u00f3 desde el pabell\u00f3n Panmungak, el lado norte de la JSA, y se dirigi\u00f3 a la l\u00ednea de demarcaci\u00f3n militar (MDL), donde le esperaba Trump.<br \/>Tras saludarse con un apret\u00f3n de manos, intercambiaron unas breves palabras, con Kim<br \/>diciendo: &#8220;Me alegro de verle de nuevo. No esperaba verle jam\u00e1s en este lugar&#8221;.<\/p>\n<p>A continuaci\u00f3n, Trump cruz\u00f3 la MDL e hizo historia. Tras unos instantes, ambos volvieron hacia la franja sur de la JSA, donde hablaron brevemente con la prensa. <\/p>\n<p>&#8220;Se trata un momento hist\u00f3rico que pretende poner fin al conflicto en la pen\u00ednsula&#8221;, se\u00f1al\u00f3 Kim, quien ha calificado el gesto de Trump como &#8220;valiente&#8221;.<\/p>\n<p>El presidente estadounidense ha dicho que &#8220;est\u00e1n pasando cosas muy positivas&#8221; en la pen\u00ednsula a ra\u00edz del acercamiento entre Washington y Pionyang iniciado el a\u00f1o pasado.<\/p>\n<p>&#8220;Nos hemos reunido y nos gustamos el uno al otro desde el primer d\u00eda y eso es lo que importa&#8221;, a\u00f1adi\u00f3.<\/p>\n","protected":false},"excerpt":{"rendered":"<p>EN FRONTERA INTERCOREANA \u00a0\u00a0 \u00a0\u2022\u00a0\u00a0 \u00a0Es el primer presidente estadounidense que pisa territorio norcoreano\u2028<\/p>\n","protected":false},"author":93,"featured_media":0,"comment_status":"open","ping_status":"open","sticky":false,"template":"","format":"standard","meta":{"footnotes":""},"categories":[31],"tags":[],"class_list":["post-86191","post","type-post","status-publish","format-standard","hentry","category-orbe"],"_links":{"self":[{"href":"https:\/\/plazajuarez.mx\/historico\/wp-json\/wp\/v2\/posts\/86191","targetHints":{"allow":["GET"]}}],"collection":[{"href":"https:\/\/plazajuarez.mx\/historico\/wp-json\/wp\/v2\/posts"}],"about":[{"href":"https:\/\/plazajuarez.mx\/historico\/wp-json\/wp\/v2\/types\/post"}],"author":[{"embeddable":true,"href":"https:\/\/plazajuarez.mx\/historico\/wp-json\/wp\/v2\/users\/93"}],"replies":[{"embeddable":true,"href":"https:\/\/plazajuarez.mx\/historico\/wp-json\/wp\/v2\/comments?post=86191"}],"version-history":[{"count":0,"href":"https:\/\/plazajuarez.mx\/historico\/wp-json\/wp\/v2\/posts\/86191\/revisions"}],"wp:attachment":[{"href":"https:\/\/plazajuarez.mx\/historico\/wp-json\/wp\/v2\/media?parent=86191"}],"wp:term":[{"taxonomy":"category","embeddable":true,"href":"https:\/\/plazajuarez.mx\/historico\/wp-json\/wp\/v2\/categories?post=86191"},{"taxonomy":"post_tag","embeddable":true,"href":"https:\/\/plazajuarez.mx\/historico\/wp-json\/wp\/v2\/tags?post=86191"}],"curies":[{"name":"wp","href":"https:\/\/api.w.org\/{rel}","templated":true}]}}